{"id":99951,"date":"2024-08-14T19:24:52","date_gmt":"2024-08-14T22:24:52","guid":{"rendered":"https:\/\/portalmovil.com.ar\/?p=99951"},"modified":"2024-08-14T19:24:54","modified_gmt":"2024-08-14T22:24:54","slug":"comienza-a-sentirse-el-calorcito-desde-este-jueves-en-el-gran-resistencia","status":"publish","type":"post","link":"https:\/\/portalmovil.com.ar\/index.php\/2024\/08\/14\/comienza-a-sentirse-el-calorcito-desde-este-jueves-en-el-gran-resistencia\/","title":{"rendered":"Comienza a sentirse el calorcito desde este jueves en el Gran Resistencia"},"content":{"rendered":"\n<p>El Servicio Meteorol\u00f3gico Nacional anticipa tiempo bueno y agradable a c\u00e1lido para los pr\u00f3ximos d\u00edas, en Resistencia y alrededores, con baja nubosidad, y ascenso de temperatura, llegando al viernes con una m\u00e1xima de 32 grados.<\/p>\n\n\n\n<p>As\u00ed, para este jueves se espera cielo despejado a algo nublado, y vientos leves del este rotando al noreste, con un piso t\u00e9rmico de 11 grados y un piso de 28.<\/p>\n\n\n\n<p>En tanto, para el viernes se prev\u00e9 cielo parcialmente nublado por la ma\u00f1ana y la tarde, y despejado hacia la noche, con vientos leves del noreste rotando al norte, y finalmente del sur. La temperatura oscilar\u00e1 entre 14 grados de m\u00ednima y 32 de m\u00e1xima.<\/p>\n\n\n\n<p>Asimismo, para el s\u00e1bado se anuncia tiempo bueno, con cielo parcialmente nublado, y ambiente agradable, con una temperatura m\u00ednima de 19 grados y una m\u00e1xima de 31.<\/p>\n\n\n\n<p>Por \u00faltimo, para el domingo, el SMN pronostica cielo parcialmente nublado, con 18 grados de temperatura m\u00ednima y 28 de m\u00e1xima.<\/p>\n","protected":false},"excerpt":{"rendered":"<p>El Servicio Meteorol\u00f3gico Nacional anticipa tiempo bueno y agradable a c\u00e1lido para los pr\u00f3ximos d\u00edas, en Resistencia y alrededores, con baja nubosidad, y ascenso de temperatura, llegando al viernes con una m\u00e1xima de 32 grados. As\u00ed, para este jueves se espera cielo despejado a algo nublado, y vientos leves del este rotando al noreste, con &hellip;<\/p>\n","protected":false},"author":2,"featured_media":10665,"comment_status":"open","ping_status":"open","sticky":false,"template":"","format":"standard","meta":{"_jetpack_memberships_contains_paid_content":false,"footnotes":"","jetpack_publicize_message":"","jetpack_publicize_feature_enabled":true,"jetpack_social_post_already_shared":true,"jetpack_social_options":{"image_generator_settings":{"template":"highway","default_image_id":0,"font":"","enabled":false},"version":2}},"categories":[28,5],"tags":[],"class_list":["post-99951","post","type-post","status-publish","format-standard","has-post-thumbnail","hentry","category-actualidad","category-chaco"],"jetpack_publicize_connections":[],"jetpack_featured_media_url":"https:\/\/portalmovil.com.ar\/wp-content\/uploads\/2020\/08\/116897181_2562202180758471_4322591221262105388_o.jpg","jetpack_sharing_enabled":true,"amp_enabled":true,"_links":{"self":[{"href":"https:\/\/portalmovil.com.ar\/index.php\/wp-json\/wp\/v2\/posts\/99951","targetHints":{"allow":["GET"]}}],"collection":[{"href":"https:\/\/portalmovil.com.ar\/index.php\/wp-json\/wp\/v2\/posts"}],"about":[{"href":"https:\/\/portalmovil.com.ar\/index.php\/wp-json\/wp\/v2\/types\/post"}],"author":[{"embeddable":true,"href":"https:\/\/portalmovil.com.ar\/index.php\/wp-json\/wp\/v2\/users\/2"}],"replies":[{"embeddable":true,"href":"https:\/\/portalmovil.com.ar\/index.php\/wp-json\/wp\/v2\/comments?post=99951"}],"version-history":[{"count":1,"href":"https:\/\/portalmovil.com.ar\/index.php\/wp-json\/wp\/v2\/posts\/99951\/revisions"}],"predecessor-version":[{"id":99952,"href":"https:\/\/portalmovil.com.ar\/index.php\/wp-json\/wp\/v2\/posts\/99951\/revisions\/99952"}],"wp:featuredmedia":[{"embeddable":true,"href":"https:\/\/portalmovil.com.ar\/index.php\/wp-json\/wp\/v2\/media\/10665"}],"wp:attachment":[{"href":"https:\/\/portalmovil.com.ar\/index.php\/wp-json\/wp\/v2\/media?parent=99951"}],"wp:term":[{"taxonomy":"category","embeddable":true,"href":"https:\/\/portalmovil.com.ar\/index.php\/wp-json\/wp\/v2\/categories?post=99951"},{"taxonomy":"post_tag","embeddable":true,"href":"https:\/\/portalmovil.com.ar\/index.php\/wp-json\/wp\/v2\/tags?post=99951"}],"curies":[{"name":"wp","href":"https:\/\/api.w.org\/{rel}","templated":true}]}}