{"id":9956,"date":"2020-07-27T16:25:28","date_gmt":"2020-07-27T19:25:28","guid":{"rendered":"https:\/\/portalmovil.com.ar\/?p=9956"},"modified":"2020-07-27T16:25:33","modified_gmt":"2020-07-27T19:25:33","slug":"el-presidente-pidio-a-los-trabajadores-no-aflojar-y-llamo-a-la-cgt-y-la-cta-a-unirse","status":"publish","type":"post","link":"https:\/\/portalmovil.com.ar\/index.php\/2020\/07\/27\/el-presidente-pidio-a-los-trabajadores-no-aflojar-y-llamo-a-la-cgt-y-la-cta-a-unirse\/","title":{"rendered":"El Presidente pidi\u00f3 a los trabajadores \u00abno aflojar\u00bb y llam\u00f3 a la CGT y la CTA a unirse"},"content":{"rendered":"\n<p>El presidente Alberto Fern\u00e1ndez pidi\u00f3 este lunes \u00ab<strong>no afloja<\/strong>r\u00bb y que no \u00ab<strong>dividan<\/strong>\u00bb al Gobierno de los trabajadores, y reiter\u00f3 su prop\u00f3sito de que la CGT y la CTA logren la <strong>\u00abunidad\u00bb<\/strong> en una sola central de trabajadores, al encabezar hoy por medio de videoconferencia e<strong>n la apertura<\/strong> del plenario nacional de la<strong> Central de Trabajadores de la Argentina.<\/strong><\/p>\n\n\n\n<p>\u201c<strong>Tenemos que estar m\u00e1s juntos que nunca\u201d, asever\u00f3 el mandatario<\/strong>, quien puso como ejemplo la \u201cunidad pol\u00edtica\u201d que logr\u00f3 el Frente de Todos con la vicepresidenta Cristina Fern\u00e1ndez de Kirchner y el titular de la C\u00e1mara baja, Sergio Masa.<\/p>\n\n\n\n<p>Adem\u00e1s, el mandatario insisti\u00f3 en la necesidad de \u201c<strong>reescribir la econom\u00eda pensando en un gran acuerdo\u201d donde todos los sectores ser\u00e1n \u201cactores y part\u00edcipes\u201d, y donde todos ganen<\/strong>.<\/p>\n\n\n\n<p>\u201cNo hay que aflojar, que nos nos dividan, que nos separen\u201d, reclam\u00f3 Fern\u00e1ndez y reiter\u00f3 su frase \u201cprimero los \u00faltimos\u201d, del 10 de diciembre, al asumir, e inst\u00f3 a \u201c<strong>hacer todos lo necesario para sacar de la pobreza a los argentinos y devolverles la dignidad a los que han perdido el trabajo\u201d<\/strong>.<\/p>\n\n\n\n<p>En paralelo, el Presidente, al encabezar por videoconferencia la apertura del Plenario Nacional de la Central de Trabajadores de la Argentina (CTA), expres\u00f3: \u201c<strong>Me encantar\u00eda que as\u00ed como pudimos lograr la unidad pol\u00edtica con Cristina y Sergio, pudiera lograrse la unidad de los trabajadores. Porque tenemos que estar m\u00e1s juntos que nunca<\/strong>\u201d.<\/p>\n\n\n\n<p>\u201c<strong>Alberto sabe perfectamente bien a qui\u00e9n representa, y cuento con ustedes y ustedes conmigo, porque el primer compromiso lo tengo con los que me votaron. Y de eso no deben dudar. Cuando nos convencieron que no pod\u00edamos convivir con nuestras diferencias, nos gobern\u00f3 (Mauricio) Macri<\/strong>\u201d, dijo.<\/p>\n\n\n\n<p>En esa linea, enfatiz\u00f3: \u201c<strong>No debemos dividirnos m\u00e1s y, si la coyuntura nos divide, ya habr\u00e1 tiempo para juntarnos. Pero que no nos hagan equivocar, que no nos enfrenten<\/strong>\u201c.<\/p>\n\n\n\n<p>\u201cSepan que ac\u00e1 tienen un compa\u00f1ero, que eventualmente ejerce la Presidencia, pero que nunca se olvida que es un compa\u00f1ero de todos ustedes\u201d, reafirm\u00f3 el jefe de Estado.<\/p>\n\n\n\n<p>En otro tramo de su discurso, Fern\u00e1ndez insisti\u00f3 en que \u201c<strong>tenemos que reescribir la econom\u00eda pensando en un gran acuerdo donde todos seamos actores, part\u00edcipes y donde todos ganemos. No un acuerdo donde unos ganan y otros pierden. Y eso hay que construirlo<\/strong>\u201d.<\/p>\n\n\n\n<p>El Presidente, en ese plano, propuso un \u201cacuerdo sobre qu\u00e9 pa\u00eds\u201d y dijo: \u201c<strong>Aueremos construir, un pa\u00eds integrado en el que todos tengamos voz, donde todos votemos, y un pa\u00eds que podamos reconstruir de nuevo<\/strong>\u201d. Al respecto, Fern\u00e1ndez invit\u00f3 a \u201cpensar qu\u00e9 pa\u00eds queremos construir entre todos, y ustedes tienen que ser actores centrales en el tiempo que se viene\u201d.<\/p>\n\n\n\n<p>M\u00e1s adelante, sostuvo que se propuso la \u201cobligaci\u00f3n de preservar las empresas y las fuentes de trabajo, y que aquel que est\u00e9 trabajando tenga la seguridad de que el Estado ayuda a pagar los sueldos a su empleador\u201d,.<\/p>\n\n\n\n<p>En esa direcci\u00f3n, exhort\u00f3 a \u201c<strong>estar m\u00e1s unidos que nunca para encarar el futuro con mucha fuerza para poder poner de pie a la Argentina otra vez<\/strong>\u201d.<\/p>\n\n\n\n<p>\u201cEstamos viviendo un tiempo dif\u00edcil y \u00fanico en la Argentina y en el mundo que nos obliga a repensar el presente y el futuro -reflexion\u00f3-. Nadie sabe a ciencia cierta d\u00f3nde est\u00e1 el final de esta enfermedad que nos toca vivir, pero tenemos que integrar a todos los sectores de la sociedad\u201d.<\/p>\n","protected":false},"excerpt":{"rendered":"<p>El presidente Alberto Fern\u00e1ndez pidi\u00f3 este lunes \u00abno aflojar\u00bb y que no \u00abdividan\u00bb al Gobierno de los trabajadores, y reiter\u00f3 su prop\u00f3sito de que la CGT y la CTA logren la \u00abunidad\u00bb en una sola central de trabajadores, al encabezar hoy por medio de videoconferencia en la apertura del plenario nacional de la Central de &hellip;<\/p>\n","protected":false},"author":2,"featured_media":9957,"comment_status":"open","ping_status":"open","sticky":false,"template":"","format":"standard","meta":{"_jetpack_memberships_contains_paid_content":false,"footnotes":"","jetpack_publicize_message":"","jetpack_publicize_feature_enabled":true,"jetpack_social_post_already_shared":true,"jetpack_social_options":{"image_generator_settings":{"template":"highway","default_image_id":0,"font":"","enabled":false},"version":2}},"categories":[34],"tags":[],"class_list":["post-9956","post","type-post","status-publish","format-standard","has-post-thumbnail","hentry","category-nacional"],"jetpack_publicize_connections":[],"jetpack_featured_media_url":"https:\/\/portalmovil.com.ar\/wp-content\/uploads\/2020\/07\/alberto-fern\u00e1ndez.jpg","jetpack_sharing_enabled":true,"amp_enabled":true,"_links":{"self":[{"href":"https:\/\/portalmovil.com.ar\/index.php\/wp-json\/wp\/v2\/posts\/9956","targetHints":{"allow":["GET"]}}],"collection":[{"href":"https:\/\/portalmovil.com.ar\/index.php\/wp-json\/wp\/v2\/posts"}],"about":[{"href":"https:\/\/portalmovil.com.ar\/index.php\/wp-json\/wp\/v2\/types\/post"}],"author":[{"embeddable":true,"href":"https:\/\/portalmovil.com.ar\/index.php\/wp-json\/wp\/v2\/users\/2"}],"replies":[{"embeddable":true,"href":"https:\/\/portalmovil.com.ar\/index.php\/wp-json\/wp\/v2\/comments?post=9956"}],"version-history":[{"count":1,"href":"https:\/\/portalmovil.com.ar\/index.php\/wp-json\/wp\/v2\/posts\/9956\/revisions"}],"predecessor-version":[{"id":9958,"href":"https:\/\/portalmovil.com.ar\/index.php\/wp-json\/wp\/v2\/posts\/9956\/revisions\/9958"}],"wp:featuredmedia":[{"embeddable":true,"href":"https:\/\/portalmovil.com.ar\/index.php\/wp-json\/wp\/v2\/media\/9957"}],"wp:attachment":[{"href":"https:\/\/portalmovil.com.ar\/index.php\/wp-json\/wp\/v2\/media?parent=9956"}],"wp:term":[{"taxonomy":"category","embeddable":true,"href":"https:\/\/portalmovil.com.ar\/index.php\/wp-json\/wp\/v2\/categories?post=9956"},{"taxonomy":"post_tag","embeddable":true,"href":"https:\/\/portalmovil.com.ar\/index.php\/wp-json\/wp\/v2\/tags?post=9956"}],"curies":[{"name":"wp","href":"https:\/\/api.w.org\/{rel}","templated":true}]}}