{"id":99520,"date":"2024-08-06T14:23:30","date_gmt":"2024-08-06T17:23:30","guid":{"rendered":"https:\/\/portalmovil.com.ar\/?p=99520"},"modified":"2024-08-06T14:23:33","modified_gmt":"2024-08-06T17:23:33","slug":"confirmaron-que-no-es-loan-el-nino-de-la-foto-que-se-viralizo-en-un-shopping-de-colombia","status":"publish","type":"post","link":"https:\/\/portalmovil.com.ar\/index.php\/2024\/08\/06\/confirmaron-que-no-es-loan-el-nino-de-la-foto-que-se-viralizo-en-un-shopping-de-colombia\/","title":{"rendered":"Confirmaron que no es Loan el ni\u00f1o de la foto que se viraliz\u00f3 en un shopping de Colombia"},"content":{"rendered":"\n<p>La Justicia determin\u00f3 que&nbsp;<strong>el ni\u00f1o que apareci\u00f3 en una fotograf\u00eda<\/strong>&nbsp;en un centro comercial de Colombia<strong>&nbsp;no es Loan Danilo Pe\u00f1a<\/strong>,<strong>&nbsp;a pesar de que sus padres hab\u00edan afirmado que era el ni\u00f1o<\/strong>&nbsp;desaparecido hace casi dos meses en Corrientes.<\/p>\n\n\n\n<p>Las pericias revelaron que el ni\u00f1o en la imagen viralizada en los \u00faltimos d\u00edas&nbsp;<strong>tiene dos a\u00f1os<\/strong>,&nbsp;<strong>lo que lo hace al menos tres a\u00f1os menor que el ni\u00f1o desaparecido<\/strong>. As\u00ed, se descarta una de las principales l\u00edneas de investigaci\u00f3n de las \u00faltimas semanas.<\/p>\n\n\n\n<p>Esta hip\u00f3tesis fue&nbsp;<strong>descartada<\/strong>&nbsp;el mismo d\u00eda en que la hija de&nbsp;<strong>Camila Nu\u00f1ez<\/strong>, prima del ni\u00f1o desaparecido,&nbsp;<strong>cambi\u00f3 su versi\u00f3n en C\u00e1mara Gesell respecto a su declaraci\u00f3n inicial en el caso.<\/strong><\/p>\n\n\n\n<p>La menor afirm\u00f3 este martes que un \u00ab<strong>hombre con capucha negra<\/strong>\u00bb se llev\u00f3 al ni\u00f1o de cinco a\u00f1os del naranjal situado en la propiedad de la abuela Catalina Pe\u00f1a, en la localidad correntina de 9 de Julio.<\/p>\n\n\n\n<p>Cabe se\u00f1alar que, durante los primeros d\u00edas del caso, una t\u00eda del menor habr\u00eda revelado que hab\u00eda un \u00ab<strong>hombre de capucha blanca<\/strong>\u00bb que estaba en la casa de la abuela poco despu\u00e9s de que el nene fuera visto por \u00faltima vez. Sin embargo, la capucha no ser\u00eda blanca, sino, negra, seg\u00fan el detalle que dio la nena en la c\u00e1mara Gesell.<\/p>\n","protected":false},"excerpt":{"rendered":"<p>La Justicia determin\u00f3 que&nbsp;el ni\u00f1o que apareci\u00f3 en una fotograf\u00eda&nbsp;en un centro comercial de Colombia&nbsp;no es Loan Danilo Pe\u00f1a,&nbsp;a pesar de que sus padres hab\u00edan afirmado que era el ni\u00f1o&nbsp;desaparecido hace casi dos meses en Corrientes. Las pericias revelaron que el ni\u00f1o en la imagen viralizada en los \u00faltimos d\u00edas&nbsp;tiene dos a\u00f1os,&nbsp;lo que lo hace &hellip;<\/p>\n","protected":false},"author":2,"featured_media":99521,"comment_status":"open","ping_status":"open","sticky":false,"template":"","format":"standard","meta":{"_jetpack_memberships_contains_paid_content":false,"footnotes":"","jetpack_publicize_message":"","jetpack_publicize_feature_enabled":true,"jetpack_social_post_already_shared":true,"jetpack_social_options":{"image_generator_settings":{"template":"highway","default_image_id":0,"font":"","enabled":false},"version":2}},"categories":[639,50],"tags":[],"class_list":["post-99520","post","type-post","status-publish","format-standard","has-post-thumbnail","hentry","category-argentina","category-judiciales"],"jetpack_publicize_connections":[],"jetpack_featured_media_url":"https:\/\/portalmovil.com.ar\/wp-content\/uploads\/2024\/08\/611477w480h269c.jpg.webp","jetpack_sharing_enabled":true,"amp_enabled":true,"_links":{"self":[{"href":"https:\/\/portalmovil.com.ar\/index.php\/wp-json\/wp\/v2\/posts\/99520","targetHints":{"allow":["GET"]}}],"collection":[{"href":"https:\/\/portalmovil.com.ar\/index.php\/wp-json\/wp\/v2\/posts"}],"about":[{"href":"https:\/\/portalmovil.com.ar\/index.php\/wp-json\/wp\/v2\/types\/post"}],"author":[{"embeddable":true,"href":"https:\/\/portalmovil.com.ar\/index.php\/wp-json\/wp\/v2\/users\/2"}],"replies":[{"embeddable":true,"href":"https:\/\/portalmovil.com.ar\/index.php\/wp-json\/wp\/v2\/comments?post=99520"}],"version-history":[{"count":1,"href":"https:\/\/portalmovil.com.ar\/index.php\/wp-json\/wp\/v2\/posts\/99520\/revisions"}],"predecessor-version":[{"id":99522,"href":"https:\/\/portalmovil.com.ar\/index.php\/wp-json\/wp\/v2\/posts\/99520\/revisions\/99522"}],"wp:featuredmedia":[{"embeddable":true,"href":"https:\/\/portalmovil.com.ar\/index.php\/wp-json\/wp\/v2\/media\/99521"}],"wp:attachment":[{"href":"https:\/\/portalmovil.com.ar\/index.php\/wp-json\/wp\/v2\/media?parent=99520"}],"wp:term":[{"taxonomy":"category","embeddable":true,"href":"https:\/\/portalmovil.com.ar\/index.php\/wp-json\/wp\/v2\/categories?post=99520"},{"taxonomy":"post_tag","embeddable":true,"href":"https:\/\/portalmovil.com.ar\/index.php\/wp-json\/wp\/v2\/tags?post=99520"}],"curies":[{"name":"wp","href":"https:\/\/api.w.org\/{rel}","templated":true}]}}