{"id":99513,"date":"2024-08-06T09:27:22","date_gmt":"2024-08-06T12:27:22","guid":{"rendered":"https:\/\/portalmovil.com.ar\/?p=99513"},"modified":"2024-08-06T09:27:24","modified_gmt":"2024-08-06T12:27:24","slug":"el-transporte-se-podra-abonar-con-la-sube-o-cualquier-medio-de-pago-electronico","status":"publish","type":"post","link":"https:\/\/portalmovil.com.ar\/index.php\/2024\/08\/06\/el-transporte-se-podra-abonar-con-la-sube-o-cualquier-medio-de-pago-electronico\/","title":{"rendered":"El transporte se podr\u00e1 abonar con la Sube o cualquier medio de pago electr\u00f3nico"},"content":{"rendered":"\n<p>El Gobierno elimin\u00f3 la exclusividad de la tarjeta SUBE para el pago del transporte p\u00fablico y habilit\u00f3 la posibilidad de abonar los pasajes con cualquier medio de pago electr\u00f3nico, mediante el Decreto 698\/2024 publicado este martes en el Bolet\u00edn Oficial.<\/p>\n\n\n\n<p>La normativa dispuso ampliar \u00abel sistema de percepci\u00f3n de tarifas establecido por el Decreto N\u00b0 84 del 4 de febrero de 2009 y sus modificatorios a otros medios de pago que permitan la interoperabilidad, para el acceso a la totalidad de los servicios de transporte p\u00fablico automotor, ferroviarios de superficie y subterr\u00e1neo y fluvial de pasajeros y servicios de cablev\u00eda\u00bb.<\/p>\n\n\n\n<p>Al respecto, aclar\u00f3 que \u00abse entiende por interoperabilidad de medios de pago a la capacidad para aceptar cualquier medio de pago electr\u00f3nico sin contacto\u00bb, precisando que \u00abse fomentar\u00e1 especialmente el uso de tecnolog\u00edas que permitan la comunicaci\u00f3n inal\u00e1mbrica, segura y \u00e1gil entre el dispositivo de pago y los terminales de cobro en el transporte p\u00fablico de pasajeros\u00bb.<\/p>\n\n\n\n<p>El Ejecutivo justific\u00f3 la decisi\u00f3n asegurando que \u00aben funci\u00f3n de la aparici\u00f3n de otros medios de pago vinculados a dispositivos m\u00f3viles y\/o a distintas modalidades de pago, se estima necesario dar a los usuarios la posibilidad de abonar la tarifa de los servicios de transporte p\u00fablico de car\u00e1cter urbano y suburbano con diversos medios de pago, asegurando la interoperabilidad y la compatibilizaci\u00f3n del sistema actual con otras modalidades de pago, con el fin de promover la competencia entre distintos proveedores de servicios de pago, la innovaci\u00f3n y la mejora en la experiencia de los usuarios de dicho servicio\u00bb.<\/p>\n\n\n\n<p>Asimismo, el texto oficial detall\u00f3 que la medida se tom\u00f3 tras la realizaci\u00f3n de distintas mesas de trabajo entre la Secretar\u00eda de Transporte, el Banco Naci\u00f3n, el Banco Central, Naci\u00f3n Servicios y los representantes de distintos proveedores de medios de pago, especialmente aquellos de pago electr\u00f3nico inmediato (entidades financieras, comerciales o bancarias y las proveedoras de servicios de pago que ofrecen cuentas de pagos) y los organismos privados vinculados a favorecer el mayor alcance de conexi\u00f3n a internet.<\/p>\n\n\n\n<p>En este marco, el Gobierno dej\u00f3 sin efecto la regulaci\u00f3n que fijaba a la SUBE como \u00ab\u00fanico modo de percepci\u00f3n de tarifa electr\u00f3nico\u00bb y dispuso que \u00abel Banco de la Naci\u00f3n Argentina ser\u00e1 responsable del procesamiento de la totalidad de las transacciones y de la administraci\u00f3n y mantenimiento del equipamiento embarcado y no embarcado\u00bb.<\/p>\n\n\n\n<p>Desde Transporte aclararon que \u00abel sistema de SUBE seguir\u00e1 funcionando normalmente, ya que esta medida no significa en absoluto la eliminaci\u00f3n de la tarjeta SUBE, sino que ser\u00e1 una opci\u00f3n m\u00e1s disponible para los pasajeros\u00bb.<\/p>\n\n\n\n<p>A su vez, especificaron que \u00abla medida no implica gastos extraordinarios para el Estado Nacional sino que el financiamiento para la implementaci\u00f3n de los nuevos medios de pago ser\u00e1 a cargo de los sectores privados\u00bb.<\/p>\n\n\n\n<p>Adem\u00e1s, manifestaron que \u00abcon el objetivo de promover la libertad de los usuarios al elegir el medio de pago, de modernizar y agilizar el sistema para acceder al transporte p\u00fablico, como sucede ya en muchas ciudades del mundo, a partir de hoy se comenzar\u00e1 con los procesos necesarios para habilitar el uso de tarjetas de d\u00e9bito y cr\u00e9dito, billeteras virtuales y aplicaciones bancarias para el pago del boleto del transporte p\u00fablico\u00bb.<\/p>\n\n\n\n<p>En este sentido, puntualizaron que \u00aben los pr\u00f3ximos meses, con el avance correspondiente de la implementaci\u00f3n de esta medida, se anunciar\u00e1n las condiciones y caracter\u00edsticas de la apertura del sistema y se establecer\u00e1n las etapas en las que se ir\u00e1 alcanzando la totalidad de los modos de transporte en todo el pa\u00eds\u00bb.<\/p>\n\n\n\n<p>En cuanto al tiempo que demorar\u00e1 la puesta en marcha, indicaron que en una primera etapa prevista para septiembre u octubre, se lanzar\u00e1 una prueba en colectivos en dos localidades del interior del pa\u00eds y, en una segunda etapa entre octubre y noviembre, se llevar\u00e1 a cabo la adaptaci\u00f3n de los molinetes en el tren Urquiza y en los subtes de CABA.<\/p>\n\n\n\n<p>En tanto que para los trenes del AMBA, se estima que se podr\u00e1 implementar para fines de a\u00f1o. Mientras que respecto a los colectivos de todo el pa\u00eds, que actualmente cuenten con el sistema SUBE, se implementar\u00e1 de forma paulatina, entre finales de a\u00f1o y a partir del 2025, ya que son cerca 30.000 unidades a las que se debe actualizar el equipo.<\/p>\n","protected":false},"excerpt":{"rendered":"<p>El Gobierno elimin\u00f3 la exclusividad de la tarjeta SUBE para el pago del transporte p\u00fablico y habilit\u00f3 la posibilidad de abonar los pasajes con cualquier medio de pago electr\u00f3nico, mediante el Decreto 698\/2024 publicado este martes en el Bolet\u00edn Oficial. La normativa dispuso ampliar \u00abel sistema de percepci\u00f3n de tarifas establecido por el Decreto N\u00b0 &hellip;<\/p>\n","protected":false},"author":2,"featured_media":58657,"comment_status":"open","ping_status":"open","sticky":false,"template":"","format":"standard","meta":{"_jetpack_memberships_contains_paid_content":false,"footnotes":"","jetpack_publicize_message":"","jetpack_publicize_feature_enabled":true,"jetpack_social_post_already_shared":true,"jetpack_social_options":{"image_generator_settings":{"template":"highway","default_image_id":0,"font":"","enabled":false},"version":2}},"categories":[28],"tags":[],"class_list":["post-99513","post","type-post","status-publish","format-standard","has-post-thumbnail","hentry","category-actualidad"],"jetpack_publicize_connections":[],"jetpack_featured_media_url":"https:\/\/portalmovil.com.ar\/wp-content\/uploads\/2022\/06\/498c43ac-88cb-45ea-918d-96c6a47b54e9.jpg","jetpack_sharing_enabled":true,"amp_enabled":true,"_links":{"self":[{"href":"https:\/\/portalmovil.com.ar\/index.php\/wp-json\/wp\/v2\/posts\/99513","targetHints":{"allow":["GET"]}}],"collection":[{"href":"https:\/\/portalmovil.com.ar\/index.php\/wp-json\/wp\/v2\/posts"}],"about":[{"href":"https:\/\/portalmovil.com.ar\/index.php\/wp-json\/wp\/v2\/types\/post"}],"author":[{"embeddable":true,"href":"https:\/\/portalmovil.com.ar\/index.php\/wp-json\/wp\/v2\/users\/2"}],"replies":[{"embeddable":true,"href":"https:\/\/portalmovil.com.ar\/index.php\/wp-json\/wp\/v2\/comments?post=99513"}],"version-history":[{"count":1,"href":"https:\/\/portalmovil.com.ar\/index.php\/wp-json\/wp\/v2\/posts\/99513\/revisions"}],"predecessor-version":[{"id":99514,"href":"https:\/\/portalmovil.com.ar\/index.php\/wp-json\/wp\/v2\/posts\/99513\/revisions\/99514"}],"wp:featuredmedia":[{"embeddable":true,"href":"https:\/\/portalmovil.com.ar\/index.php\/wp-json\/wp\/v2\/media\/58657"}],"wp:attachment":[{"href":"https:\/\/portalmovil.com.ar\/index.php\/wp-json\/wp\/v2\/media?parent=99513"}],"wp:term":[{"taxonomy":"category","embeddable":true,"href":"https:\/\/portalmovil.com.ar\/index.php\/wp-json\/wp\/v2\/categories?post=99513"},{"taxonomy":"post_tag","embeddable":true,"href":"https:\/\/portalmovil.com.ar\/index.php\/wp-json\/wp\/v2\/tags?post=99513"}],"curies":[{"name":"wp","href":"https:\/\/api.w.org\/{rel}","templated":true}]}}