{"id":99470,"date":"2024-08-05T09:24:53","date_gmt":"2024-08-05T12:24:53","guid":{"rendered":"https:\/\/portalmovil.com.ar\/?p=99470"},"modified":"2024-08-05T09:24:56","modified_gmt":"2024-08-05T12:24:56","slug":"robo-en-un-local-y-los-vecinos-lo-detuvieron","status":"publish","type":"post","link":"https:\/\/portalmovil.com.ar\/index.php\/2024\/08\/05\/robo-en-un-local-y-los-vecinos-lo-detuvieron\/","title":{"rendered":"Rob\u00f3 en un local y los vecinos lo detuvieron"},"content":{"rendered":"\n<p>Un individuo fue sorprendido dentro del local \u00abHiper 2 Pesos Mac Lean\u00bb y detenido por testigos y la polic\u00eda.<\/p>\n\n\n\n<p>En la madrugada del lunes 5 de agosto, un hombre de 30 a\u00f1os, identificado como C\u00e9sar Mat\u00edas Maciel, fue detenido en Av. Mac Lean y Calle Marcos Paz, luego de ser sorprendido dentro del comercio \u00abHiper 2 Pesos Mac Lean\u00bb junto a otro individuo, quien logr\u00f3 escapar.<\/p>\n\n\n\n<p>La due\u00f1a del local, denunci\u00f3 el robo de la caja registradora con dinero de cambio.<\/p>\n\n\n\n<p>Maciel fue trasladado a Medicina Legal y posteriormente se lo notificar\u00e1 su aprehensi\u00f3n, seg\u00fan disposici\u00f3n fiscal.<\/p>\n","protected":false},"excerpt":{"rendered":"<p>Un individuo fue sorprendido dentro del local \u00abHiper 2 Pesos Mac Lean\u00bb y detenido por testigos y la polic\u00eda. En la madrugada del lunes 5 de agosto, un hombre de 30 a\u00f1os, identificado como C\u00e9sar Mat\u00edas Maciel, fue detenido en Av. Mac Lean y Calle Marcos Paz, luego de ser sorprendido dentro del comercio \u00abHiper &hellip;<\/p>\n","protected":false},"author":6,"featured_media":99472,"comment_status":"open","ping_status":"open","sticky":false,"template":"","format":"standard","meta":{"_jetpack_memberships_contains_paid_content":false,"footnotes":"","jetpack_publicize_message":"","jetpack_publicize_feature_enabled":true,"jetpack_social_post_already_shared":true,"jetpack_social_options":{"image_generator_settings":{"template":"highway","default_image_id":0,"font":"","enabled":false},"version":2}},"categories":[8,37],"tags":[],"class_list":["post-99470","post","type-post","status-publish","format-standard","has-post-thumbnail","hentry","category-policiales","category-resistencia"],"jetpack_publicize_connections":[],"jetpack_featured_media_url":"https:\/\/portalmovil.com.ar\/wp-content\/uploads\/2024\/08\/resistencia-1.webp","jetpack_sharing_enabled":true,"amp_enabled":true,"_links":{"self":[{"href":"https:\/\/portalmovil.com.ar\/index.php\/wp-json\/wp\/v2\/posts\/99470","targetHints":{"allow":["GET"]}}],"collection":[{"href":"https:\/\/portalmovil.com.ar\/index.php\/wp-json\/wp\/v2\/posts"}],"about":[{"href":"https:\/\/portalmovil.com.ar\/index.php\/wp-json\/wp\/v2\/types\/post"}],"author":[{"embeddable":true,"href":"https:\/\/portalmovil.com.ar\/index.php\/wp-json\/wp\/v2\/users\/6"}],"replies":[{"embeddable":true,"href":"https:\/\/portalmovil.com.ar\/index.php\/wp-json\/wp\/v2\/comments?post=99470"}],"version-history":[{"count":1,"href":"https:\/\/portalmovil.com.ar\/index.php\/wp-json\/wp\/v2\/posts\/99470\/revisions"}],"predecessor-version":[{"id":99473,"href":"https:\/\/portalmovil.com.ar\/index.php\/wp-json\/wp\/v2\/posts\/99470\/revisions\/99473"}],"wp:featuredmedia":[{"embeddable":true,"href":"https:\/\/portalmovil.com.ar\/index.php\/wp-json\/wp\/v2\/media\/99472"}],"wp:attachment":[{"href":"https:\/\/portalmovil.com.ar\/index.php\/wp-json\/wp\/v2\/media?parent=99470"}],"wp:term":[{"taxonomy":"category","embeddable":true,"href":"https:\/\/portalmovil.com.ar\/index.php\/wp-json\/wp\/v2\/categories?post=99470"},{"taxonomy":"post_tag","embeddable":true,"href":"https:\/\/portalmovil.com.ar\/index.php\/wp-json\/wp\/v2\/tags?post=99470"}],"curies":[{"name":"wp","href":"https:\/\/api.w.org\/{rel}","templated":true}]}}