{"id":99465,"date":"2024-08-05T08:58:28","date_gmt":"2024-08-05T11:58:28","guid":{"rendered":"https:\/\/portalmovil.com.ar\/?p=99465"},"modified":"2024-08-05T08:58:31","modified_gmt":"2024-08-05T11:58:31","slug":"bariloche-una-estudiante-denuncio-que-fue-abusada-por-tres-jovenes-en-su-viaje-de-egresados","status":"publish","type":"post","link":"https:\/\/portalmovil.com.ar\/index.php\/2024\/08\/05\/bariloche-una-estudiante-denuncio-que-fue-abusada-por-tres-jovenes-en-su-viaje-de-egresados\/","title":{"rendered":"Bariloche: una estudiante denunci\u00f3 que fue abusada por tres j\u00f3venes en su viaje de egresados"},"content":{"rendered":"\n<p>La Justicia de R\u00edo Negro se encuentra investigando a tres j\u00f3venes de Santa Fe, uno de los cuales ya fue detenido, que fueron denunciados por abuso sexual contra una menor de edad que padece hipoacusia, en el marco de un viaje de egresados en la ciudad de San Carlos de Bariloche.<\/p>\n\n\n\n<p>La adolescente de 16 a\u00f1os, oriunda de Neuqu\u00e9n, hizo la denuncia ante el Ministerio P\u00fablico Fiscal, y detall\u00f3 que el abuso ocurri\u00f3 en una habitaci\u00f3n del hotel Las Piedras II, ubicado en pleno centro de la ciudad tur\u00edstica.<\/p>\n\n\n\n<p>De acuerdo con las primeras informaciones, los presuntos atacantes habr\u00edan invitado a la presunta v\u00edctima al hotel en el que se hospedaban en el marco del viaje de estudios.<\/p>\n\n\n\n<p>El viernes por la tarde, funcionarios del Ministerio P\u00fablico Fiscal (MPF) de R\u00edo Negro se dirigieron hacia el hotel, que opera la firma santafesina Auckland, para interrogar a los j\u00f3venes.<\/p>\n\n\n\n<p>Los medios locales revelaron que luego del abuso habr\u00edan dejado a la chica en la calle y minutos m\u00e1s tarde fue ubicada en cercan\u00edas del pared\u00f3n de la calle Mitre.<\/p>\n\n\n\n<p>Los fiscales que llevaron adelante la investigaci\u00f3n, luego de la denuncia realizada por la joven, relataron en la audiencia la evidencia colectada hasta el momento. Entre ellas, registro de las llaves magn\u00e9ticas de las habitaciones, im\u00e1genes de las c\u00e1maras de seguridad, testimoniales, protocolo de abuso sexual realizado a la joven en el Hospital Zonal Bariloche, e informe de rueda de reconocimiento, reza el comunicado.<\/p>\n\n\n\n<p>Agrega adem\u00e1s que en funci\u00f3n del tipo de delito que se investiga y dado que la v\u00edctima es menor de edad, mujer y que posee una discapacidad, no se emitir\u00e1 informaci\u00f3n alguna acerca de los hechos atribuidos.<\/p>\n","protected":false},"excerpt":{"rendered":"<p>La Justicia de R\u00edo Negro se encuentra investigando a tres j\u00f3venes de Santa Fe, uno de los cuales ya fue detenido, que fueron denunciados por abuso sexual contra una menor de edad que padece hipoacusia, en el marco de un viaje de egresados en la ciudad de San Carlos de Bariloche. La adolescente de 16 &hellip;<\/p>\n","protected":false},"author":6,"featured_media":99468,"comment_status":"open","ping_status":"open","sticky":false,"template":"","format":"standard","meta":{"_jetpack_memberships_contains_paid_content":false,"footnotes":"","jetpack_publicize_message":"","jetpack_publicize_feature_enabled":true,"jetpack_social_post_already_shared":true,"jetpack_social_options":{"image_generator_settings":{"template":"highway","default_image_id":0,"font":"","enabled":false},"version":2}},"categories":[8],"tags":[],"class_list":["post-99465","post","type-post","status-publish","format-standard","has-post-thumbnail","hentry","category-policiales"],"jetpack_publicize_connections":[],"jetpack_featured_media_url":"https:\/\/portalmovil.com.ar\/wp-content\/uploads\/2024\/08\/bariloche.webp","jetpack_sharing_enabled":true,"amp_enabled":true,"_links":{"self":[{"href":"https:\/\/portalmovil.com.ar\/index.php\/wp-json\/wp\/v2\/posts\/99465","targetHints":{"allow":["GET"]}}],"collection":[{"href":"https:\/\/portalmovil.com.ar\/index.php\/wp-json\/wp\/v2\/posts"}],"about":[{"href":"https:\/\/portalmovil.com.ar\/index.php\/wp-json\/wp\/v2\/types\/post"}],"author":[{"embeddable":true,"href":"https:\/\/portalmovil.com.ar\/index.php\/wp-json\/wp\/v2\/users\/6"}],"replies":[{"embeddable":true,"href":"https:\/\/portalmovil.com.ar\/index.php\/wp-json\/wp\/v2\/comments?post=99465"}],"version-history":[{"count":1,"href":"https:\/\/portalmovil.com.ar\/index.php\/wp-json\/wp\/v2\/posts\/99465\/revisions"}],"predecessor-version":[{"id":99469,"href":"https:\/\/portalmovil.com.ar\/index.php\/wp-json\/wp\/v2\/posts\/99465\/revisions\/99469"}],"wp:featuredmedia":[{"embeddable":true,"href":"https:\/\/portalmovil.com.ar\/index.php\/wp-json\/wp\/v2\/media\/99468"}],"wp:attachment":[{"href":"https:\/\/portalmovil.com.ar\/index.php\/wp-json\/wp\/v2\/media?parent=99465"}],"wp:term":[{"taxonomy":"category","embeddable":true,"href":"https:\/\/portalmovil.com.ar\/index.php\/wp-json\/wp\/v2\/categories?post=99465"},{"taxonomy":"post_tag","embeddable":true,"href":"https:\/\/portalmovil.com.ar\/index.php\/wp-json\/wp\/v2\/tags?post=99465"}],"curies":[{"name":"wp","href":"https:\/\/api.w.org\/{rel}","templated":true}]}}