{"id":99328,"date":"2024-08-01T10:11:51","date_gmt":"2024-08-01T13:11:51","guid":{"rendered":"https:\/\/portalmovil.com.ar\/?p=99328"},"modified":"2024-08-01T10:11:55","modified_gmt":"2024-08-01T13:11:55","slug":"comienza-el-pago-a-la-administracion-publica-2","status":"publish","type":"post","link":"https:\/\/portalmovil.com.ar\/index.php\/2024\/08\/01\/comienza-el-pago-a-la-administracion-publica-2\/","title":{"rendered":"Comienza el pago a la administraci\u00f3n p\u00fablica"},"content":{"rendered":"\n<p>Desde hoy, inicia el pago de los sueldos de julio, para pasivos y activos de la administraci\u00f3n p\u00fablica provincial que se depositar\u00e1 con un incremento del 14,65 % correspondiente a la pauta general, conforme al compromiso asumido oportunamente.<\/p>\n\n\n\n<p>Las fechas establecidas son: \u201cpara el sector pasivo, hoy jueves 1 de agosto, desde las 21 Hs, por cajero autom\u00e1tico y ma\u00f1ana viernes, por ventanilla. Mientras que, los activos cobrar\u00e1n ma\u00f1ana viernes 2 de agosto, desde las 21 Hs, por cajero autom\u00e1tico\u201d- as\u00ed lo anunci\u00f3, d\u00edas atr\u00e1s, el gobernador Leandro Zdero.<\/p>\n","protected":false},"excerpt":{"rendered":"<p>Desde hoy, inicia el pago de los sueldos de julio, para pasivos y activos de la administraci\u00f3n p\u00fablica provincial que se depositar\u00e1 con un incremento del 14,65 % correspondiente a la pauta general, conforme al compromiso asumido oportunamente. Las fechas establecidas son: \u201cpara el sector pasivo, hoy jueves 1 de agosto, desde las 21 Hs, &hellip;<\/p>\n","protected":false},"author":6,"featured_media":27491,"comment_status":"open","ping_status":"open","sticky":false,"template":"","format":"standard","meta":{"_jetpack_memberships_contains_paid_content":false,"footnotes":"","jetpack_publicize_message":"","jetpack_publicize_feature_enabled":true,"jetpack_social_post_already_shared":true,"jetpack_social_options":{"image_generator_settings":{"template":"highway","default_image_id":0,"font":"","enabled":false},"version":2}},"categories":[5],"tags":[],"class_list":["post-99328","post","type-post","status-publish","format-standard","has-post-thumbnail","hentry","category-chaco"],"jetpack_publicize_connections":[],"jetpack_featured_media_url":"https:\/\/portalmovil.com.ar\/wp-content\/uploads\/2021\/05\/cajero-pago.jpg","jetpack_sharing_enabled":true,"amp_enabled":true,"_links":{"self":[{"href":"https:\/\/portalmovil.com.ar\/index.php\/wp-json\/wp\/v2\/posts\/99328","targetHints":{"allow":["GET"]}}],"collection":[{"href":"https:\/\/portalmovil.com.ar\/index.php\/wp-json\/wp\/v2\/posts"}],"about":[{"href":"https:\/\/portalmovil.com.ar\/index.php\/wp-json\/wp\/v2\/types\/post"}],"author":[{"embeddable":true,"href":"https:\/\/portalmovil.com.ar\/index.php\/wp-json\/wp\/v2\/users\/6"}],"replies":[{"embeddable":true,"href":"https:\/\/portalmovil.com.ar\/index.php\/wp-json\/wp\/v2\/comments?post=99328"}],"version-history":[{"count":1,"href":"https:\/\/portalmovil.com.ar\/index.php\/wp-json\/wp\/v2\/posts\/99328\/revisions"}],"predecessor-version":[{"id":99329,"href":"https:\/\/portalmovil.com.ar\/index.php\/wp-json\/wp\/v2\/posts\/99328\/revisions\/99329"}],"wp:featuredmedia":[{"embeddable":true,"href":"https:\/\/portalmovil.com.ar\/index.php\/wp-json\/wp\/v2\/media\/27491"}],"wp:attachment":[{"href":"https:\/\/portalmovil.com.ar\/index.php\/wp-json\/wp\/v2\/media?parent=99328"}],"wp:term":[{"taxonomy":"category","embeddable":true,"href":"https:\/\/portalmovil.com.ar\/index.php\/wp-json\/wp\/v2\/categories?post=99328"},{"taxonomy":"post_tag","embeddable":true,"href":"https:\/\/portalmovil.com.ar\/index.php\/wp-json\/wp\/v2\/tags?post=99328"}],"curies":[{"name":"wp","href":"https:\/\/api.w.org\/{rel}","templated":true}]}}