{"id":99065,"date":"2024-07-27T17:11:07","date_gmt":"2024-07-27T20:11:07","guid":{"rendered":"https:\/\/portalmovil.com.ar\/?p=99065"},"modified":"2024-07-27T17:11:10","modified_gmt":"2024-07-27T20:11:10","slug":"saenz-pena-una-menor-de-8-anos-denuncio-que-su-abuelo-intento-violar","status":"publish","type":"post","link":"https:\/\/portalmovil.com.ar\/index.php\/2024\/07\/27\/saenz-pena-una-menor-de-8-anos-denuncio-que-su-abuelo-intento-violar\/","title":{"rendered":"S\u00e1enz Pe\u00f1a: Una menor de 8 a\u00f1os denunci\u00f3 que su abuelo intent\u00f3 violar"},"content":{"rendered":"\n<p><em>Una mujer de 26 a\u00f1os denunci\u00f3 que su hija de ocho a\u00f1os fue abusada sexualmente por su abuelo en S\u00e1enz Pe\u00f1a. El hecho ocurri\u00f3 este s\u00e1bado, alrededor de las 11:30, cuando la menor fue a jugar a la casa de sus abuelos.<\/em><\/p>\n\n\n\n<p>La madre explic\u00f3 que su hija de ocho a\u00f1os regres\u00f3 llorando aproximadamente y, al preguntarle qu\u00e9 hab\u00eda sucedido,&nbsp;<strong>la ni\u00f1a le pidi\u00f3 que llamara a la polic\u00eda y le relat\u00f3 que su abuelo la hab\u00eda tocado inapropiadamente.<\/strong>&nbsp;<\/p>\n\n\n\n<p><em>\u201cMami, llama a la polic\u00eda, el abuelo me quiso violar\u201d, relata la denuncia.<\/em><\/p>\n\n\n\n<p>Seg\u00fan el parte policial, la menor estaba jugando con su primo en la vereda cuando&nbsp;<strong>entr\u00f3 a la casa y fue atacada por su abuelo, quien la forz\u00f3 y le baj\u00f3 la ropa para luego abusar de ella.&nbsp;<\/strong>La ni\u00f1a logr\u00f3 escapar y refugiarse en su casa.<\/p>\n\n\n\n<p>La madre intent\u00f3 salir de la propiedad con su pareja para denunciar el incidente, pero el agresor intent\u00f3 impedirlo. La situaci\u00f3n se complic\u00f3 cuando llegaron&nbsp;<strong>las cu\u00f1adas de la denunciante y la agredieron f\u00edsicamente<\/strong>, pero finalmente lograron salir y reportar el abuso.<\/p>\n\n\n\n<p>El fiscal a cargo dispuso que se activara el protocolo por abuso a la menor, quien fue trasladada al hospital acompa\u00f1ada por su madre y personal especializado. Adem\u00e1s,<strong>&nbsp;se orden\u00f3 la detenci\u00f3n del acusado,&nbsp;<\/strong>mientras que las cu\u00f1adas fueron imputadas por lesiones y se les prohibi\u00f3 acercarse a la v\u00edctima y su familia.<\/p>\n\n\n\n<p>El acusado permanece detenido en la comisar\u00eda local.<\/p>\n","protected":false},"excerpt":{"rendered":"<p>Una mujer de 26 a\u00f1os denunci\u00f3 que su hija de ocho a\u00f1os fue abusada sexualmente por su abuelo en S\u00e1enz Pe\u00f1a. El hecho ocurri\u00f3 este s\u00e1bado, alrededor de las 11:30, cuando la menor fue a jugar a la casa de sus abuelos. La madre explic\u00f3 que su hija de ocho a\u00f1os regres\u00f3 llorando aproximadamente y, &hellip;<\/p>\n","protected":false},"author":2,"featured_media":99066,"comment_status":"open","ping_status":"open","sticky":false,"template":"","format":"standard","meta":{"_jetpack_memberships_contains_paid_content":false,"footnotes":"","jetpack_publicize_message":"","jetpack_publicize_feature_enabled":true,"jetpack_social_post_already_shared":true,"jetpack_social_options":{"image_generator_settings":{"template":"highway","default_image_id":0,"font":"","enabled":false},"version":2}},"categories":[5,8],"tags":[],"class_list":["post-99065","post","type-post","status-publish","format-standard","has-post-thumbnail","hentry","category-chaco","category-policiales"],"jetpack_publicize_connections":[],"jetpack_featured_media_url":"https:\/\/portalmovil.com.ar\/wp-content\/uploads\/2024\/07\/FB_IMG_1722110845240.jpg","jetpack_sharing_enabled":true,"amp_enabled":true,"_links":{"self":[{"href":"https:\/\/portalmovil.com.ar\/index.php\/wp-json\/wp\/v2\/posts\/99065","targetHints":{"allow":["GET"]}}],"collection":[{"href":"https:\/\/portalmovil.com.ar\/index.php\/wp-json\/wp\/v2\/posts"}],"about":[{"href":"https:\/\/portalmovil.com.ar\/index.php\/wp-json\/wp\/v2\/types\/post"}],"author":[{"embeddable":true,"href":"https:\/\/portalmovil.com.ar\/index.php\/wp-json\/wp\/v2\/users\/2"}],"replies":[{"embeddable":true,"href":"https:\/\/portalmovil.com.ar\/index.php\/wp-json\/wp\/v2\/comments?post=99065"}],"version-history":[{"count":1,"href":"https:\/\/portalmovil.com.ar\/index.php\/wp-json\/wp\/v2\/posts\/99065\/revisions"}],"predecessor-version":[{"id":99067,"href":"https:\/\/portalmovil.com.ar\/index.php\/wp-json\/wp\/v2\/posts\/99065\/revisions\/99067"}],"wp:featuredmedia":[{"embeddable":true,"href":"https:\/\/portalmovil.com.ar\/index.php\/wp-json\/wp\/v2\/media\/99066"}],"wp:attachment":[{"href":"https:\/\/portalmovil.com.ar\/index.php\/wp-json\/wp\/v2\/media?parent=99065"}],"wp:term":[{"taxonomy":"category","embeddable":true,"href":"https:\/\/portalmovil.com.ar\/index.php\/wp-json\/wp\/v2\/categories?post=99065"},{"taxonomy":"post_tag","embeddable":true,"href":"https:\/\/portalmovil.com.ar\/index.php\/wp-json\/wp\/v2\/tags?post=99065"}],"curies":[{"name":"wp","href":"https:\/\/api.w.org\/{rel}","templated":true}]}}