{"id":98956,"date":"2024-07-25T12:45:03","date_gmt":"2024-07-25T15:45:03","guid":{"rendered":"https:\/\/portalmovil.com.ar\/?p=98956"},"modified":"2024-07-25T12:45:05","modified_gmt":"2024-07-25T15:45:05","slug":"caso-loan-la-justicia-ordeno-una-nueva-camara-gesell-con-los-chicos","status":"publish","type":"post","link":"https:\/\/portalmovil.com.ar\/index.php\/2024\/07\/25\/caso-loan-la-justicia-ordeno-una-nueva-camara-gesell-con-los-chicos\/","title":{"rendered":"Caso Loan: La justicia orden\u00f3 una nueva C\u00e1mara Gesell con los chicos"},"content":{"rendered":"\n<p>De acuerdo a la solicitud de la jueza Cristina Pozzer Penzo se prev\u00e9 una nueva C\u00e1mara Gesell con los chicos que fueron al naranjal el d\u00eda de la desaparici\u00f3n de Loan. Tambi\u00e9n orden\u00f3 peritar dos armas de fuego: una perteneciente al excomisario Maciel y otra del expolic\u00eda Mendez.<\/p>\n\n\n\n<p>Adem\u00e1s, se citar\u00e1n testigos para esta semana y la otra para tratar de determinar qui\u00e9n encontr\u00f3 la huella y el bot\u00edn del nene desaparecido.&nbsp;<\/p>\n\n\n\n<h2 class=\"wp-block-heading\">Nuevos rastrillajes en un campo cercano a la casa de Catalina, la abuela de Loan<\/h2>\n\n\n\n<p>&nbsp;<br>En la b\u00fasqueda de debilitar la hip\u00f3tesis de que Loan puede estar en alguna parte del campo de la localidad de 9 de Julio, el abogado de la querella, Roberto M\u00e9ndez, confirm\u00f3 que este jueves ir\u00e1n a la \u00abzona cero\u00bb con peritos de parte y perros rastreadores para buscar restos humanos enterrados.<\/p>\n\n\n\n<p>\u00abEl trabajo que estuvimos haciendo con el doctor Maidana es conocer la zona donde se ha estado buscando. Identificamos un par de puntos calientes que queremos repasar\u00bb, explic\u00f3 el letrado.<\/p>\n\n\n\n<p>Asimismo, precis\u00f3 que el operativo se llevar\u00e1 a cabo con detecciones de canes de RH certificados. \u00abLa idea es brindar certeza en esta causa porque sabemos que hay sectores con muchos grises, donde no se rastrill\u00f3 bien. Esto comprende un sector de la zona sur donde se plantean la mayor cantidad de dudas\u00bb, a\u00f1adi\u00f3 M\u00e9ndez.<\/p>\n\n\n\n<p>Seg\u00fan indic\u00f3 el abogado, la idea es trabajar sobre el mapeo realizado y registrar lo que se ha hecho hasta el momento. Adem\u00e1s, explic\u00f3 que los perros que participar\u00e1n del procedimiento, son canes que se entrenan para la detecci\u00f3n de un cad\u00e1ver humano. \u00abQueremos seguir por una \u00fanica hip\u00f3tesis que es la que conocemos todos\u00bb, agreg\u00f3 el defensor en referencia a la teor\u00eda de la sustracci\u00f3n con el ocultamiento de Loan.<\/p>\n\n\n\n<p>Adem\u00e1s, M\u00e9ndez cont\u00f3 que tuvieron en cuenta la declaraci\u00f3n de Abundio Escobar, el ambulanciero del hospital de 9 de Julio que declar\u00f3 haber escuchado \u00abtres gritos de un nene\u00bb en la noche del 13 de junio. \u00abQueremos entender desde donde pudo haber venido el sonido para que \u00e9l lo haya escuchado. Estuvimos haciendo trabajos en el terreno, es factible que lo haya escuchado en cuanto a d\u00f3nde se haya producido y por qu\u00e9 se produjo\u00bb, afirm\u00f3.<\/p>\n\n\n\n<p>\u00abEs una zona muy compleja por el terreno, por el paso del tiempo y por la composici\u00f3n de los pastizales. Queremos entender por qu\u00e9 se direccion\u00f3 a un solo lugar. Todos los protocolos indican que hay que ir al punto cero\u00bb, concluy\u00f3 el letrado.<\/p>\n","protected":false},"excerpt":{"rendered":"<p>De acuerdo a la solicitud de la jueza Cristina Pozzer Penzo se prev\u00e9 una nueva C\u00e1mara Gesell con los chicos que fueron al naranjal el d\u00eda de la desaparici\u00f3n de Loan. Tambi\u00e9n orden\u00f3 peritar dos armas de fuego: una perteneciente al excomisario Maciel y otra del expolic\u00eda Mendez. Adem\u00e1s, se citar\u00e1n testigos para esta semana &hellip;<\/p>\n","protected":false},"author":2,"featured_media":98957,"comment_status":"open","ping_status":"open","sticky":false,"template":"","format":"standard","meta":{"_jetpack_memberships_contains_paid_content":false,"footnotes":"","jetpack_publicize_message":"","jetpack_publicize_feature_enabled":true,"jetpack_social_post_already_shared":true,"jetpack_social_options":{"image_generator_settings":{"template":"highway","default_image_id":0,"font":"","enabled":false},"version":2}},"categories":[639,50],"tags":[],"class_list":["post-98956","post","type-post","status-publish","format-standard","has-post-thumbnail","hentry","category-argentina","category-judiciales"],"jetpack_publicize_connections":[],"jetpack_featured_media_url":"https:\/\/portalmovil.com.ar\/wp-content\/uploads\/2024\/07\/CYL6EDKQPJA4DOOYWS2LWWL7I4.jpg","jetpack_sharing_enabled":true,"amp_enabled":true,"_links":{"self":[{"href":"https:\/\/portalmovil.com.ar\/index.php\/wp-json\/wp\/v2\/posts\/98956","targetHints":{"allow":["GET"]}}],"collection":[{"href":"https:\/\/portalmovil.com.ar\/index.php\/wp-json\/wp\/v2\/posts"}],"about":[{"href":"https:\/\/portalmovil.com.ar\/index.php\/wp-json\/wp\/v2\/types\/post"}],"author":[{"embeddable":true,"href":"https:\/\/portalmovil.com.ar\/index.php\/wp-json\/wp\/v2\/users\/2"}],"replies":[{"embeddable":true,"href":"https:\/\/portalmovil.com.ar\/index.php\/wp-json\/wp\/v2\/comments?post=98956"}],"version-history":[{"count":1,"href":"https:\/\/portalmovil.com.ar\/index.php\/wp-json\/wp\/v2\/posts\/98956\/revisions"}],"predecessor-version":[{"id":98958,"href":"https:\/\/portalmovil.com.ar\/index.php\/wp-json\/wp\/v2\/posts\/98956\/revisions\/98958"}],"wp:featuredmedia":[{"embeddable":true,"href":"https:\/\/portalmovil.com.ar\/index.php\/wp-json\/wp\/v2\/media\/98957"}],"wp:attachment":[{"href":"https:\/\/portalmovil.com.ar\/index.php\/wp-json\/wp\/v2\/media?parent=98956"}],"wp:term":[{"taxonomy":"category","embeddable":true,"href":"https:\/\/portalmovil.com.ar\/index.php\/wp-json\/wp\/v2\/categories?post=98956"},{"taxonomy":"post_tag","embeddable":true,"href":"https:\/\/portalmovil.com.ar\/index.php\/wp-json\/wp\/v2\/tags?post=98956"}],"curies":[{"name":"wp","href":"https:\/\/api.w.org\/{rel}","templated":true}]}}