{"id":98405,"date":"2024-07-16T12:28:42","date_gmt":"2024-07-16T15:28:42","guid":{"rendered":"https:\/\/portalmovil.com.ar\/?p=98405"},"modified":"2024-07-16T12:28:45","modified_gmt":"2024-07-16T15:28:45","slug":"enviaron-al-congreso-el-proyecto-para-bajar-la-edad-de-imputabilidad-a-13-anos","status":"publish","type":"post","link":"https:\/\/portalmovil.com.ar\/index.php\/2024\/07\/16\/enviaron-al-congreso-el-proyecto-para-bajar-la-edad-de-imputabilidad-a-13-anos\/","title":{"rendered":"Enviaron al Congreso el proyecto para bajar la edad de imputabilidad a 13 a\u00f1os"},"content":{"rendered":"\n<p>La iniciativa, firmada por la ministra Bullrich, pretende evitar la impunidad en cr\u00edmenes cometidos por menores<\/p>\n\n\n\n<p><strong>El Poder Ejecutivo present\u00f3 ayer al Congreso el proyecto de ley que propone reducir la edad de imputabilidad penal de 16 a 13 a\u00f1os<\/strong>. La iniciativa, que lleva la&nbsp;<strong>firma&nbsp;<\/strong>de la ministra de Seguridad<strong>&nbsp;Patricia Bullrich<\/strong>, busca establecer un<strong>&nbsp;nuevo r\u00e9gimen penal aplicable a adolescentes imputados por delitos tipificados en el C\u00f3digo Penal o en leyes especiales<\/strong>.<\/p>\n\n\n\n<p>Seg\u00fan el texto ingresado al Palacio Legislativo,&nbsp;<strong>el proyecto abarca a menores desde los 13 a\u00f1os hasta el d\u00eda en que cumplan 18 a\u00f1os<\/strong>. Actualmente, la edad m\u00ednima para juzgar a un menor en Argentina es de 16 a\u00f1os, coincidiendo con la edad requerida para ejercer el derecho al voto.<\/p>\n\n\n\n<p>El objetivo principal de esta propuesta es evitar&nbsp;<strong>\u00abla impunidad en los cr\u00edmenes cometidos por menores\u00bb<\/strong>. Adem\u00e1s, el texto se\u00f1ala que la finalidad del r\u00e9gimen de responsabilidad penal juvenil es \u00ab<strong>fomentar en el adolescente imputado el sentido de la responsabilidad por sus actos y lograr su educaci\u00f3n, resocializaci\u00f3n e integraci\u00f3n social<\/strong>\u00ab.<\/p>\n\n\n\n<p>Entre los&nbsp;<strong>puntos clave&nbsp;<\/strong>del proyecto se destaca u<strong>n m\u00e1ximo de penas de veinte a\u00f1os de prisi\u00f3n<\/strong>, con la posibilidad de aplicar medidas alternativas despu\u00e9s de cumplir dos tercios de la condena.&nbsp;<strong>Para penas de tres a seis a\u00f1os, tambi\u00e9n se contemplan medidas alternativas bajo ciertas condiciones, como la ausencia de muerte de la v\u00edctima o lesiones grav\u00edsimas<\/strong>.<\/p>\n\n\n\n<p>La iniciativa establece que&nbsp;<strong>la privaci\u00f3n de libertad se cumplir\u00eda en establecimientos especiales o secciones separadas de los establecimientos penitenciarios<\/strong>, bajo la direcci\u00f3n de personal especializado. Adem\u00e1s,<strong>&nbsp;el proyecto prev\u00e9 la posibilidad de investigar a ni\u00f1os menores de 13 a\u00f1os, aunque estos seguir\u00edan siendo considerados \u00abno imputables\u00bb<\/strong>. En estos casos, el juez podr\u00eda ordenar peritajes psicol\u00f3gicos, informes ambientales y, en situaciones de riesgo, la internaci\u00f3n para readaptaci\u00f3n social.<\/p>\n","protected":false},"excerpt":{"rendered":"<p>La iniciativa, firmada por la ministra Bullrich, pretende evitar la impunidad en cr\u00edmenes cometidos por menores El Poder Ejecutivo present\u00f3 ayer al Congreso el proyecto de ley que propone reducir la edad de imputabilidad penal de 16 a 13 a\u00f1os. La iniciativa, que lleva la&nbsp;firma&nbsp;de la ministra de Seguridad&nbsp;Patricia Bullrich, busca establecer un&nbsp;nuevo r\u00e9gimen penal &hellip;<\/p>\n","protected":false},"author":2,"featured_media":98406,"comment_status":"open","ping_status":"open","sticky":false,"template":"","format":"standard","meta":{"_jetpack_memberships_contains_paid_content":false,"footnotes":"","jetpack_publicize_message":"","jetpack_publicize_feature_enabled":true,"jetpack_social_post_already_shared":true,"jetpack_social_options":{"image_generator_settings":{"template":"highway","default_image_id":0,"font":"","enabled":false},"version":2}},"categories":[639,14],"tags":[],"class_list":["post-98405","post","type-post","status-publish","format-standard","has-post-thumbnail","hentry","category-argentina","category-politica"],"jetpack_publicize_connections":[],"jetpack_featured_media_url":"https:\/\/portalmovil.com.ar\/wp-content\/uploads\/2024\/07\/condenado.jpg","jetpack_sharing_enabled":true,"amp_enabled":true,"_links":{"self":[{"href":"https:\/\/portalmovil.com.ar\/index.php\/wp-json\/wp\/v2\/posts\/98405","targetHints":{"allow":["GET"]}}],"collection":[{"href":"https:\/\/portalmovil.com.ar\/index.php\/wp-json\/wp\/v2\/posts"}],"about":[{"href":"https:\/\/portalmovil.com.ar\/index.php\/wp-json\/wp\/v2\/types\/post"}],"author":[{"embeddable":true,"href":"https:\/\/portalmovil.com.ar\/index.php\/wp-json\/wp\/v2\/users\/2"}],"replies":[{"embeddable":true,"href":"https:\/\/portalmovil.com.ar\/index.php\/wp-json\/wp\/v2\/comments?post=98405"}],"version-history":[{"count":1,"href":"https:\/\/portalmovil.com.ar\/index.php\/wp-json\/wp\/v2\/posts\/98405\/revisions"}],"predecessor-version":[{"id":98407,"href":"https:\/\/portalmovil.com.ar\/index.php\/wp-json\/wp\/v2\/posts\/98405\/revisions\/98407"}],"wp:featuredmedia":[{"embeddable":true,"href":"https:\/\/portalmovil.com.ar\/index.php\/wp-json\/wp\/v2\/media\/98406"}],"wp:attachment":[{"href":"https:\/\/portalmovil.com.ar\/index.php\/wp-json\/wp\/v2\/media?parent=98405"}],"wp:term":[{"taxonomy":"category","embeddable":true,"href":"https:\/\/portalmovil.com.ar\/index.php\/wp-json\/wp\/v2\/categories?post=98405"},{"taxonomy":"post_tag","embeddable":true,"href":"https:\/\/portalmovil.com.ar\/index.php\/wp-json\/wp\/v2\/tags?post=98405"}],"curies":[{"name":"wp","href":"https:\/\/api.w.org\/{rel}","templated":true}]}}