{"id":98264,"date":"2024-07-14T12:21:10","date_gmt":"2024-07-14T15:21:10","guid":{"rendered":"https:\/\/portalmovil.com.ar\/?p=98264"},"modified":"2024-07-14T12:21:13","modified_gmt":"2024-07-14T15:21:13","slug":"malvivientes-atacaron-a-un-colectivo-a-ladrillazos-en-fontana","status":"publish","type":"post","link":"https:\/\/portalmovil.com.ar\/index.php\/2024\/07\/14\/malvivientes-atacaron-a-un-colectivo-a-ladrillazos-en-fontana\/","title":{"rendered":"Malvivientes atacaron a un colectivo a ladrillazos en Fontana"},"content":{"rendered":"\n<p>Un grupo de j\u00f3venes atac\u00f3 un colectivo de l\u00ednea urbana en Fontana. Fue a las 06 de la ma\u00f1ana del domingo en inmediaciones de Avenida Alvear y San Mart\u00edn.\u00a0<\/p>\n\n\n\n<p>El ataque lo denunci\u00f3 el chofer de colectivos. Se trata de un colectivo de l\u00ednea urbana y la unidad&nbsp; pertenece a la empresa Ersa.&nbsp;<\/p>\n\n\n\n<p><br>Seg\u00fan precis\u00f3 el chofer de la unidad, en el momento del ataque no hab\u00eda pasajeros a bordo. La unidad result\u00f3 con da\u00f1os en las ventanas laterales y la puerta trasera.&nbsp;<\/p>\n\n\n\n<p><br>No se logr\u00f3 identificar aun al grupo de v\u00e1ndalos que atac\u00f3 el colectivo.&nbsp;<br>&nbsp;<\/p>\n","protected":false},"excerpt":{"rendered":"<p>Un grupo de j\u00f3venes atac\u00f3 un colectivo de l\u00ednea urbana en Fontana. Fue a las 06 de la ma\u00f1ana del domingo en inmediaciones de Avenida Alvear y San Mart\u00edn.\u00a0 El ataque lo denunci\u00f3 el chofer de colectivos. Se trata de un colectivo de l\u00ednea urbana y la unidad&nbsp; pertenece a la empresa Ersa.&nbsp; Seg\u00fan precis\u00f3 &hellip;<\/p>\n","protected":false},"author":2,"featured_media":98265,"comment_status":"open","ping_status":"open","sticky":false,"template":"","format":"standard","meta":{"_jetpack_memberships_contains_paid_content":false,"footnotes":"","jetpack_publicize_message":"","jetpack_publicize_feature_enabled":true,"jetpack_social_post_already_shared":true,"jetpack_social_options":{"image_generator_settings":{"template":"highway","default_image_id":0,"font":"","enabled":false},"version":2}},"categories":[5,8],"tags":[],"class_list":["post-98264","post","type-post","status-publish","format-standard","has-post-thumbnail","hentry","category-chaco","category-policiales"],"jetpack_publicize_connections":[],"jetpack_featured_media_url":"https:\/\/portalmovil.com.ar\/wp-content\/uploads\/2024\/07\/443049_grande.jpg","jetpack_sharing_enabled":true,"amp_enabled":true,"_links":{"self":[{"href":"https:\/\/portalmovil.com.ar\/index.php\/wp-json\/wp\/v2\/posts\/98264","targetHints":{"allow":["GET"]}}],"collection":[{"href":"https:\/\/portalmovil.com.ar\/index.php\/wp-json\/wp\/v2\/posts"}],"about":[{"href":"https:\/\/portalmovil.com.ar\/index.php\/wp-json\/wp\/v2\/types\/post"}],"author":[{"embeddable":true,"href":"https:\/\/portalmovil.com.ar\/index.php\/wp-json\/wp\/v2\/users\/2"}],"replies":[{"embeddable":true,"href":"https:\/\/portalmovil.com.ar\/index.php\/wp-json\/wp\/v2\/comments?post=98264"}],"version-history":[{"count":1,"href":"https:\/\/portalmovil.com.ar\/index.php\/wp-json\/wp\/v2\/posts\/98264\/revisions"}],"predecessor-version":[{"id":98266,"href":"https:\/\/portalmovil.com.ar\/index.php\/wp-json\/wp\/v2\/posts\/98264\/revisions\/98266"}],"wp:featuredmedia":[{"embeddable":true,"href":"https:\/\/portalmovil.com.ar\/index.php\/wp-json\/wp\/v2\/media\/98265"}],"wp:attachment":[{"href":"https:\/\/portalmovil.com.ar\/index.php\/wp-json\/wp\/v2\/media?parent=98264"}],"wp:term":[{"taxonomy":"category","embeddable":true,"href":"https:\/\/portalmovil.com.ar\/index.php\/wp-json\/wp\/v2\/categories?post=98264"},{"taxonomy":"post_tag","embeddable":true,"href":"https:\/\/portalmovil.com.ar\/index.php\/wp-json\/wp\/v2\/tags?post=98264"}],"curies":[{"name":"wp","href":"https:\/\/api.w.org\/{rel}","templated":true}]}}