{"id":98246,"date":"2024-07-13T18:58:41","date_gmt":"2024-07-13T21:58:41","guid":{"rendered":"https:\/\/portalmovil.com.ar\/?p=98246"},"modified":"2024-07-13T19:03:58","modified_gmt":"2024-07-13T22:03:58","slug":"capturan-al-joven-que-ataco-con-un-hacha-a-la-hija-de-la-directora-del-refugio-madres-del-sol","status":"publish","type":"post","link":"https:\/\/portalmovil.com.ar\/index.php\/2024\/07\/13\/capturan-al-joven-que-ataco-con-un-hacha-a-la-hija-de-la-directora-del-refugio-madres-del-sol\/","title":{"rendered":"Capturan al joven que atac\u00f3 con un hacha a la hija de la directora del Refugio Madres del Sol"},"content":{"rendered":"\n<p>Este s\u00e1bado se produjo una grav\u00edsima situaci\u00f3n en la localidad de Barranqueras. Un hombre de 38 a\u00f1os agredi\u00f3 a su pareja en la cabeza con un hacha. Las autoridades lograron detenerlo en zona del Barrio San Pedro Pescador.<\/p>\n\n\n\n<p>Alrededor de las 9:30, los agentes de la Comisar\u00eda Primera de Barranqueras recibieron una alerta sobre un caso de violencia de g\u00e9nero en la calle Gabardini, aproximadamente al 5.600.<\/p>\n\n\n\n<p>Al llegar, los efectivos conversaron con una mujer de 44 a\u00f1os, vecina de J.M.S., de 40 a\u00f1os, quien explic\u00f3 que alrededor de las 8 de la ma\u00f1ana, J.M.S. la hab\u00eda llamado varias veces porque su expareja, identificado como C.D.S., de 38 a\u00f1os, con quien conviv\u00edan en la misma casa, la hab\u00eda golpeado en la cabeza con un hacha y la hab\u00eda dejado encerrada. Posteriormente, el hombre se dio a la fuga.<\/p>\n\n\n\n<p>Ante lo sucedido, la mujer de 44 a\u00f1os contact\u00f3 de inmediato a los familiares de J.M.S., y la madre de la v\u00edctima lleg\u00f3 al lugar. La ambulancia fue llamada y trasladaron a J.M.S. al Hospital Perrando para recibir atenci\u00f3n m\u00e9dica.<\/p>\n\n\n\n<p>Se inform\u00f3 a la Fiscal\u00eda de G\u00e9nero N\u00b05, a cargo de Nelia Vel\u00e1zquez, y el personal del Gabinete Cient\u00edfico intervino. Se dispuso la inmediata orden de aprehensi\u00f3n para C.D.S. por la causa de \u00abtentativa de femicidio\u00bb.<\/p>\n\n\n\n<p>En ese marco, este s\u00e1bado alrededor de las 17 horas en el barrio San Pedro Pescados, los efectivos identificaron a una persona de caracter\u00edsticas similares a las de C.D.S. El hombre, al notar la presencia policial, intent\u00f3 darse a la fuga pero fue alcanzado a los pocos metros.<\/p>\n\n\n\n<p>Seguidamente, fue llevado primero hasta Medicina Legal y posteriormente a la unidad policial a los fines legales pertinentes.&nbsp;<\/p>\n","protected":false},"excerpt":{"rendered":"<p>Este s\u00e1bado se produjo una grav\u00edsima situaci\u00f3n en la localidad de Barranqueras. Un hombre de 38 a\u00f1os agredi\u00f3 a su pareja en la cabeza con un hacha. Las autoridades lograron detenerlo en zona del Barrio San Pedro Pescador. Alrededor de las 9:30, los agentes de la Comisar\u00eda Primera de Barranqueras recibieron una alerta sobre un &hellip;<\/p>\n","protected":false},"author":2,"featured_media":98247,"comment_status":"open","ping_status":"open","sticky":false,"template":"","format":"standard","meta":{"_jetpack_memberships_contains_paid_content":false,"footnotes":"","jetpack_publicize_message":"","jetpack_publicize_feature_enabled":true,"jetpack_social_post_already_shared":true,"jetpack_social_options":{"image_generator_settings":{"template":"highway","default_image_id":0,"font":"","enabled":false},"version":2}},"categories":[5,8],"tags":[],"class_list":["post-98246","post","type-post","status-publish","format-standard","has-post-thumbnail","hentry","category-chaco","category-policiales"],"jetpack_publicize_connections":[],"jetpack_featured_media_url":"https:\/\/portalmovil.com.ar\/wp-content\/uploads\/2024\/07\/1720907704390.jpg","jetpack_sharing_enabled":true,"amp_enabled":true,"_links":{"self":[{"href":"https:\/\/portalmovil.com.ar\/index.php\/wp-json\/wp\/v2\/posts\/98246","targetHints":{"allow":["GET"]}}],"collection":[{"href":"https:\/\/portalmovil.com.ar\/index.php\/wp-json\/wp\/v2\/posts"}],"about":[{"href":"https:\/\/portalmovil.com.ar\/index.php\/wp-json\/wp\/v2\/types\/post"}],"author":[{"embeddable":true,"href":"https:\/\/portalmovil.com.ar\/index.php\/wp-json\/wp\/v2\/users\/2"}],"replies":[{"embeddable":true,"href":"https:\/\/portalmovil.com.ar\/index.php\/wp-json\/wp\/v2\/comments?post=98246"}],"version-history":[{"count":2,"href":"https:\/\/portalmovil.com.ar\/index.php\/wp-json\/wp\/v2\/posts\/98246\/revisions"}],"predecessor-version":[{"id":98250,"href":"https:\/\/portalmovil.com.ar\/index.php\/wp-json\/wp\/v2\/posts\/98246\/revisions\/98250"}],"wp:featuredmedia":[{"embeddable":true,"href":"https:\/\/portalmovil.com.ar\/index.php\/wp-json\/wp\/v2\/media\/98247"}],"wp:attachment":[{"href":"https:\/\/portalmovil.com.ar\/index.php\/wp-json\/wp\/v2\/media?parent=98246"}],"wp:term":[{"taxonomy":"category","embeddable":true,"href":"https:\/\/portalmovil.com.ar\/index.php\/wp-json\/wp\/v2\/categories?post=98246"},{"taxonomy":"post_tag","embeddable":true,"href":"https:\/\/portalmovil.com.ar\/index.php\/wp-json\/wp\/v2\/tags?post=98246"}],"curies":[{"name":"wp","href":"https:\/\/api.w.org\/{rel}","templated":true}]}}