{"id":98174,"date":"2024-07-12T11:55:27","date_gmt":"2024-07-12T14:55:27","guid":{"rendered":"https:\/\/portalmovil.com.ar\/?p=98174"},"modified":"2024-07-12T11:55:30","modified_gmt":"2024-07-12T14:55:30","slug":"vuelve-el-black-friday-a-resistencia-el-proximo-2-y-3-de-agosto","status":"publish","type":"post","link":"https:\/\/portalmovil.com.ar\/index.php\/2024\/07\/12\/vuelve-el-black-friday-a-resistencia-el-proximo-2-y-3-de-agosto\/","title":{"rendered":"Vuelve el Black Friday a Resistencia: el pr\u00f3ximo 2 y 3 de agosto"},"content":{"rendered":"\n<p>El gobernador Leandro Zdero acompa\u00f1\u00f3 este viernes el anuncio de una nueva edici\u00f3n de la iniciativa que trae promociones en comercios de todos los rubros: gastronom\u00eda, hoteler\u00eda y turismo. Habr\u00e1 cuotas sin intereses con Tarjeta Tuya (Nuevo Banco del Chaco) y Visa y Mastercard (Banco Naci\u00f3n). La 12\u00b0 edici\u00f3n del Black Friday ser\u00e1 el viernes 2 y s\u00e1bado 3 de agosto.<\/p>\n\n\n\n<p>La iniciativa, anunciada en conferencia de prensa en la C\u00e1mara de Comercio de Resistencia, busca impulsar las ventas a trav\u00e9s de rebajas, descuentos y ofertas en comercios de todos los rubros. \u00abEs un evento que moviliza la econom\u00eda; es importante acompa\u00f1ar al sector privado en estos momentos dif\u00edciles para que a Chaco le vaya mejor\u00bb, valor\u00f3 el gobernador Leandro Zdero.<\/p>\n\n\n\n<p>Este a\u00f1o la propuesta incluye compras en todos los rubros con 6 cuotas sin inter\u00e9s (10,70 % CF, acreditaci\u00f3n a las 48 horas h\u00e1biles); y para el rubro de Bares y Rest\u00f3, 3 cuotas sin inter\u00e9s (5 % CF, acreditaci\u00f3n a las 48 horas h\u00e1biles). Las promociones ser\u00e1n con Tarjeta Tuya del Nuevo Banco del Chaco y las tarjetas Visa y Mastercard del Banco Naci\u00f3n.<\/p>\n\n\n\n<p>Zdero destac\u00f3 la posibilidad de ofrecer productos de todos los rubros con descuentos y facilidades de pago a la comunidad. \u00abEs un beneficio no s\u00f3lo para el comercio sino para toda la gente, la activaci\u00f3n del comercio es generadora de trabajo, mano de obra, y m\u00e1s inversiones\u00bb, remarc\u00f3.<\/p>\n\n\n\n<p>Zdero estuvo acompa\u00f1ado por la vicegobernadora, Silvana Schneider; el secretario de Coordinaci\u00f3n de Gabinete, Livio Guti\u00e9rrez; el ministro de Producci\u00f3n, Hern\u00e1n Halavacs; la secretaria de Cultura y Turismo de la Municipalidad de Resistencia, Barbara Losch; el presidente del Nuevo Banco del Chaco, Eric Germ\u00e1n Dahlgren; el gerente comercial del Banco Naci\u00f3n, Nestor Meister; la presidente del Instituto de Turismo, Ver\u00f3nica Mazzaroli; el vicepresidente de esa entidad Mart\u00edn Braillard Poccard; el presidente del Instituto de Cultura, Mario Zorrilla; el presidente C\u00e1mara de Comercio Resistencia Walter Bistman y el diputado provincial Carlos Salom.<\/p>\n\n\n\n<p>\u00abEl Black Friday es un evento comercial que crece a\u00f1o tras a\u00f1o y que tiene por objetivo incentivar las ventas atrayendo a clientes de la ciudad y de la regi\u00f3n. Es el resultado de un trabajo articulado entre el sector p\u00fablico y el privado para impulsar las econom\u00edas regionales y promover el turismo local, activar la gastronom\u00eda, los servicios y el comercio en general de la ciudad de Resistencia\u00bb, explicaron desde el Ejecutivo provincial.<\/p>\n","protected":false},"excerpt":{"rendered":"<p>El gobernador Leandro Zdero acompa\u00f1\u00f3 este viernes el anuncio de una nueva edici\u00f3n de la iniciativa que trae promociones en comercios de todos los rubros: gastronom\u00eda, hoteler\u00eda y turismo. Habr\u00e1 cuotas sin intereses con Tarjeta Tuya (Nuevo Banco del Chaco) y Visa y Mastercard (Banco Naci\u00f3n). La 12\u00b0 edici\u00f3n del Black Friday ser\u00e1 el viernes &hellip;<\/p>\n","protected":false},"author":6,"featured_media":98175,"comment_status":"open","ping_status":"open","sticky":false,"template":"","format":"standard","meta":{"_jetpack_memberships_contains_paid_content":false,"footnotes":"","jetpack_publicize_message":"","jetpack_publicize_feature_enabled":true,"jetpack_social_post_already_shared":true,"jetpack_social_options":{"image_generator_settings":{"template":"highway","default_image_id":0,"font":"","enabled":false},"version":2}},"categories":[5,175],"tags":[],"class_list":["post-98174","post","type-post","status-publish","format-standard","has-post-thumbnail","hentry","category-chaco","category-economia"],"jetpack_publicize_connections":[],"jetpack_featured_media_url":"https:\/\/portalmovil.com.ar\/wp-content\/uploads\/2024\/07\/black-friday.webp","jetpack_sharing_enabled":true,"amp_enabled":true,"_links":{"self":[{"href":"https:\/\/portalmovil.com.ar\/index.php\/wp-json\/wp\/v2\/posts\/98174","targetHints":{"allow":["GET"]}}],"collection":[{"href":"https:\/\/portalmovil.com.ar\/index.php\/wp-json\/wp\/v2\/posts"}],"about":[{"href":"https:\/\/portalmovil.com.ar\/index.php\/wp-json\/wp\/v2\/types\/post"}],"author":[{"embeddable":true,"href":"https:\/\/portalmovil.com.ar\/index.php\/wp-json\/wp\/v2\/users\/6"}],"replies":[{"embeddable":true,"href":"https:\/\/portalmovil.com.ar\/index.php\/wp-json\/wp\/v2\/comments?post=98174"}],"version-history":[{"count":1,"href":"https:\/\/portalmovil.com.ar\/index.php\/wp-json\/wp\/v2\/posts\/98174\/revisions"}],"predecessor-version":[{"id":98176,"href":"https:\/\/portalmovil.com.ar\/index.php\/wp-json\/wp\/v2\/posts\/98174\/revisions\/98176"}],"wp:featuredmedia":[{"embeddable":true,"href":"https:\/\/portalmovil.com.ar\/index.php\/wp-json\/wp\/v2\/media\/98175"}],"wp:attachment":[{"href":"https:\/\/portalmovil.com.ar\/index.php\/wp-json\/wp\/v2\/media?parent=98174"}],"wp:term":[{"taxonomy":"category","embeddable":true,"href":"https:\/\/portalmovil.com.ar\/index.php\/wp-json\/wp\/v2\/categories?post=98174"},{"taxonomy":"post_tag","embeddable":true,"href":"https:\/\/portalmovil.com.ar\/index.php\/wp-json\/wp\/v2\/tags?post=98174"}],"curies":[{"name":"wp","href":"https:\/\/api.w.org\/{rel}","templated":true}]}}