{"id":98113,"date":"2024-07-11T16:40:50","date_gmt":"2024-07-11T19:40:50","guid":{"rendered":"https:\/\/portalmovil.com.ar\/?p=98113"},"modified":"2024-07-11T16:40:52","modified_gmt":"2024-07-11T19:40:52","slug":"magda-ayala-se-reunio-con-el-presidente-de-came-para-potenciar-las-pymes-de-barranqueras","status":"publish","type":"post","link":"https:\/\/portalmovil.com.ar\/index.php\/2024\/07\/11\/magda-ayala-se-reunio-con-el-presidente-de-came-para-potenciar-las-pymes-de-barranqueras\/","title":{"rendered":"Magda Ayala se reuni\u00f3 con el presidente de CAME para potenciar las pymes de Barranqueras"},"content":{"rendered":"\n<p>La intendente de la ciudad de Barranqueras,&nbsp;<strong>Magda Ayala<\/strong>, se reuni\u00f3 con el presidente de la Confederaci\u00f3n Argentina de la Mediana Empresa (CAME),&nbsp;<strong>Alfredo Gonz\u00e1lez<\/strong>.<\/p>\n\n\n\n<p>\u00abAbordamos c\u00f3mo\u00a0<strong>potenciar las peque\u00f1as y medianas empresas<\/strong>\u00a0(Pymes)\u00a0<strong>de nuestra ciudad, teniendo el objetivo de articular acciones conjuntas para fortalecer el desarrollo de todo este sector<\/strong>\u00ab, indic\u00f3 la intendente.<\/p>\n\n\n\n<p>En ese marco, Ayala precis\u00f3: \u00abEn el contexto econ\u00f3mico actual,\u00a0<strong>estamos reforzando nuestro compromiso como gesti\u00f3n para seguir colaborando y apoyando a cada sector<\/strong>\u00ab. \u00a0<\/p>\n","protected":false},"excerpt":{"rendered":"<p>La intendente de la ciudad de Barranqueras,&nbsp;Magda Ayala, se reuni\u00f3 con el presidente de la Confederaci\u00f3n Argentina de la Mediana Empresa (CAME),&nbsp;Alfredo Gonz\u00e1lez. \u00abAbordamos c\u00f3mo\u00a0potenciar las peque\u00f1as y medianas empresas\u00a0(Pymes)\u00a0de nuestra ciudad, teniendo el objetivo de articular acciones conjuntas para fortalecer el desarrollo de todo este sector\u00ab, indic\u00f3 la intendente. En ese marco, Ayala precis\u00f3: &hellip;<\/p>\n","protected":false},"author":2,"featured_media":98114,"comment_status":"open","ping_status":"open","sticky":false,"template":"","format":"standard","meta":{"_jetpack_memberships_contains_paid_content":false,"footnotes":"","jetpack_publicize_message":"","jetpack_publicize_feature_enabled":true,"jetpack_social_post_already_shared":true,"jetpack_social_options":{"image_generator_settings":{"template":"highway","default_image_id":0,"font":"","enabled":false},"version":2}},"categories":[5,14],"tags":[],"class_list":["post-98113","post","type-post","status-publish","format-standard","has-post-thumbnail","hentry","category-chaco","category-politica"],"jetpack_publicize_connections":[],"jetpack_featured_media_url":"https:\/\/portalmovil.com.ar\/wp-content\/uploads\/2024\/07\/608867w480h300c.jpg.webp","jetpack_sharing_enabled":true,"amp_enabled":true,"_links":{"self":[{"href":"https:\/\/portalmovil.com.ar\/index.php\/wp-json\/wp\/v2\/posts\/98113","targetHints":{"allow":["GET"]}}],"collection":[{"href":"https:\/\/portalmovil.com.ar\/index.php\/wp-json\/wp\/v2\/posts"}],"about":[{"href":"https:\/\/portalmovil.com.ar\/index.php\/wp-json\/wp\/v2\/types\/post"}],"author":[{"embeddable":true,"href":"https:\/\/portalmovil.com.ar\/index.php\/wp-json\/wp\/v2\/users\/2"}],"replies":[{"embeddable":true,"href":"https:\/\/portalmovil.com.ar\/index.php\/wp-json\/wp\/v2\/comments?post=98113"}],"version-history":[{"count":1,"href":"https:\/\/portalmovil.com.ar\/index.php\/wp-json\/wp\/v2\/posts\/98113\/revisions"}],"predecessor-version":[{"id":98115,"href":"https:\/\/portalmovil.com.ar\/index.php\/wp-json\/wp\/v2\/posts\/98113\/revisions\/98115"}],"wp:featuredmedia":[{"embeddable":true,"href":"https:\/\/portalmovil.com.ar\/index.php\/wp-json\/wp\/v2\/media\/98114"}],"wp:attachment":[{"href":"https:\/\/portalmovil.com.ar\/index.php\/wp-json\/wp\/v2\/media?parent=98113"}],"wp:term":[{"taxonomy":"category","embeddable":true,"href":"https:\/\/portalmovil.com.ar\/index.php\/wp-json\/wp\/v2\/categories?post=98113"},{"taxonomy":"post_tag","embeddable":true,"href":"https:\/\/portalmovil.com.ar\/index.php\/wp-json\/wp\/v2\/tags?post=98113"}],"curies":[{"name":"wp","href":"https:\/\/api.w.org\/{rel}","templated":true}]}}