{"id":9802,"date":"2020-07-24T14:15:32","date_gmt":"2020-07-24T17:15:32","guid":{"rendered":"https:\/\/portalmovil.com.ar\/?p=9802"},"modified":"2020-07-24T14:15:35","modified_gmt":"2020-07-24T17:15:35","slug":"incentivo-y-polemica-por-un-municipio-mendocino-que-pagara-1-500-pesos-a-los-recuperados-que-donen-plasma","status":"publish","type":"post","link":"https:\/\/portalmovil.com.ar\/index.php\/2020\/07\/24\/incentivo-y-polemica-por-un-municipio-mendocino-que-pagara-1-500-pesos-a-los-recuperados-que-donen-plasma\/","title":{"rendered":"Incentivo y pol\u00e9mica por un municipio mendocino que pagar\u00e1 1.500 pesos a los recuperados que donen plasma"},"content":{"rendered":"\n<p>La<strong>\u00a0Municipalidad de Maip\u00fa\u00a0<\/strong>comunic\u00f3 que\u00a0<strong>les pagar\u00e1n 1.500 pesos a los vecinos\u00a0<\/strong>que se hayan recuperado del Covid-19 y quieran\u00a0<strong>donar plasma.<\/strong><\/p>\n\n\n\n<p>La comuna compensar\u00e1 a aquellos que decidan<strong>&nbsp;colaborar con la recuperaci\u00f3n de otras personas<\/strong>&nbsp;que est\u00e1n d\u00e1ndole pelea al coronavirus.<\/p>\n\n\n\n<p>En las \u00faltimas horas, el Senado transform\u00f3 en ley el proyecto que crea la&nbsp;<strong>Campa\u00f1a Nacional de Donaci\u00f3n de Plasma Sangu\u00edneo<\/strong>&nbsp;de pacientes recuperados de coronavirus. Y en el texto establecen que los trabajadores tendr\u00e1n derecho a&nbsp;<strong>dos d\u00edas de descanso por cada donaci\u00f3n de plasma que realicen.<\/strong><\/p>\n\n\n\n<p>Esto no podr\u00e1 implicar \u201c<strong>afectaci\u00f3n salarial alguna, descuentos, ni la p\u00e9rdida del presentismo&nbsp;<\/strong>o cualquier otro beneficio laboral o adicional salarial que perciba\u201d.&nbsp;<\/p>\n\n\n\n<p>La nueva norma tambi\u00e9n reconoce a los donantes como \u201c<strong>ciudadanos solidarios destacados de la Rep\u00fablica Argentina<\/strong>\u201d y ordena garantizar el traslado de aquellos pacientes recuperados de covid-19, aptos para ser donantes de plasma y que no tengan los medios para realizarlo.<\/p>\n\n\n\n<p>El intendente,<strong>&nbsp;Mat\u00edas Stevanato<\/strong>, lo comunic\u00f3 a trav\u00e9s de Twitter: \u201cEl Municipio de Maip\u00fa otorgar\u00e1 un&nbsp;<strong>reconocimiento de $1.500 a los maipucinos recuperados<\/strong>&nbsp;de COVID 19 que donen plasma para colaborar en la lucha contra la pandemia\u201d.&nbsp;<\/p>\n\n\n\n<p>Y resalt\u00f3: \u201cEsta iniciativa la llevaremos adelante<strong>&nbsp;junto a la oposici\u00f3n pol\u00edtica&nbsp;<\/strong>de nuestro departamento\u201d.&nbsp;<\/p>\n\n\n\n<p>El departamento de<strong>\u00a0Maip\u00fa registra mayor cantidad de casos positivos de coronavirus<\/strong>\u00a0en Mendoza desde que comenz\u00f3 la pandemia.\u00a0<\/p>\n\n\n\n<figure class=\"wp-block-embed-twitter aligncenter wp-block-embed is-type-rich is-provider-twitter\"><div class=\"wp-block-embed__wrapper\">\n<div class=\"embed-twitter\"><blockquote class=\"twitter-tweet\" data-width=\"500\" data-dnt=\"true\"><p lang=\"es\" dir=\"ltr\">El Municipio de Maip\u00fa otorgar\u00e1 un reconocimiento de $1.500 a los maipucinos recuperados de COVID 19 que donen plasma para colaborar en la lucha contra la pandemia. Esta iniciativa la llevaremos adelante junto a la oposici\u00f3n pol\u00edtica de nuestro departamento. <a href=\"https:\/\/t.co\/xAyWvD5tyl\">pic.twitter.com\/xAyWvD5tyl<\/a><\/p>&mdash; Matias Stevanato (@MatiasStevanato) <a href=\"https:\/\/twitter.com\/MatiasStevanato\/status\/1286446788505931778?ref_src=twsrc%5Etfw\">July 23, 2020<\/a><\/blockquote><script async src=\"https:\/\/platform.twitter.com\/widgets.js\" charset=\"utf-8\"><\/script><\/div>\n<\/div><\/figure>\n","protected":false},"excerpt":{"rendered":"<p>La\u00a0Municipalidad de Maip\u00fa\u00a0comunic\u00f3 que\u00a0les pagar\u00e1n 1.500 pesos a los vecinos\u00a0que se hayan recuperado del Covid-19 y quieran\u00a0donar plasma. La comuna compensar\u00e1 a aquellos que decidan&nbsp;colaborar con la recuperaci\u00f3n de otras personas&nbsp;que est\u00e1n d\u00e1ndole pelea al coronavirus. En las \u00faltimas horas, el Senado transform\u00f3 en ley el proyecto que crea la&nbsp;Campa\u00f1a Nacional de Donaci\u00f3n de Plasma &hellip;<\/p>\n","protected":false},"author":2,"featured_media":9803,"comment_status":"open","ping_status":"open","sticky":false,"template":"","format":"standard","meta":{"_jetpack_memberships_contains_paid_content":false,"footnotes":"","jetpack_publicize_message":"","jetpack_publicize_feature_enabled":true,"jetpack_social_post_already_shared":true,"jetpack_social_options":{"image_generator_settings":{"template":"highway","default_image_id":0,"font":"","enabled":false},"version":2}},"categories":[28],"tags":[],"class_list":["post-9802","post","type-post","status-publish","format-standard","has-post-thumbnail","hentry","category-actualidad"],"jetpack_publicize_connections":[],"jetpack_featured_media_url":"https:\/\/portalmovil.com.ar\/wp-content\/uploads\/2020\/07\/plasmaa-891x500-1.jpg","jetpack_sharing_enabled":true,"amp_enabled":true,"_links":{"self":[{"href":"https:\/\/portalmovil.com.ar\/index.php\/wp-json\/wp\/v2\/posts\/9802","targetHints":{"allow":["GET"]}}],"collection":[{"href":"https:\/\/portalmovil.com.ar\/index.php\/wp-json\/wp\/v2\/posts"}],"about":[{"href":"https:\/\/portalmovil.com.ar\/index.php\/wp-json\/wp\/v2\/types\/post"}],"author":[{"embeddable":true,"href":"https:\/\/portalmovil.com.ar\/index.php\/wp-json\/wp\/v2\/users\/2"}],"replies":[{"embeddable":true,"href":"https:\/\/portalmovil.com.ar\/index.php\/wp-json\/wp\/v2\/comments?post=9802"}],"version-history":[{"count":1,"href":"https:\/\/portalmovil.com.ar\/index.php\/wp-json\/wp\/v2\/posts\/9802\/revisions"}],"predecessor-version":[{"id":9804,"href":"https:\/\/portalmovil.com.ar\/index.php\/wp-json\/wp\/v2\/posts\/9802\/revisions\/9804"}],"wp:featuredmedia":[{"embeddable":true,"href":"https:\/\/portalmovil.com.ar\/index.php\/wp-json\/wp\/v2\/media\/9803"}],"wp:attachment":[{"href":"https:\/\/portalmovil.com.ar\/index.php\/wp-json\/wp\/v2\/media?parent=9802"}],"wp:term":[{"taxonomy":"category","embeddable":true,"href":"https:\/\/portalmovil.com.ar\/index.php\/wp-json\/wp\/v2\/categories?post=9802"},{"taxonomy":"post_tag","embeddable":true,"href":"https:\/\/portalmovil.com.ar\/index.php\/wp-json\/wp\/v2\/tags?post=9802"}],"curies":[{"name":"wp","href":"https:\/\/api.w.org\/{rel}","templated":true}]}}