{"id":97789,"date":"2024-07-05T13:26:45","date_gmt":"2024-07-05T16:26:45","guid":{"rendered":"https:\/\/portalmovil.com.ar\/?p=97789"},"modified":"2024-07-05T13:26:48","modified_gmt":"2024-07-05T16:26:48","slug":"la-oms-declara-el-talco-como-probablemente-cancerigeno","status":"publish","type":"post","link":"https:\/\/portalmovil.com.ar\/index.php\/2024\/07\/05\/la-oms-declara-el-talco-como-probablemente-cancerigeno\/","title":{"rendered":"La OMS declara el talco como \u00abprobablemente cancer\u00edgeno\u00bb"},"content":{"rendered":"\n<p>La agencia para el c\u00e1ncer de la Organizaci\u00f3n Mundial de la Salud (OMS) clasific\u00f3 al talco como<strong>\u00abprobablemente cancer\u00edgeno\u00bb<\/strong>, mientras que tambi\u00e9n clasific\u00f3 como cancer\u00edgeno el acrilonitrilo, un compuesto utilizado en la producci\u00f3n de pol\u00edmeros. Los expertos del Centro Internacional de Investigaciones sobre el C\u00e1ncer (CIRC\/IARC), reunidos en Lyon (Francia), publicaron sus resultados el viernes en la revista\u00a0<strong>The Lancet Oncology<\/strong>.<\/p>\n\n\n\n<p>El talco, un mineral natural extra\u00eddo en muchas regiones del mundo, es\u00a0<strong>\u00abprobablemente cancer\u00edgeno\u00bb<\/strong>\u00a0para los seres humanos, a partir de una combinaci\u00f3n de estudios parciales y pruebas suficientes obtenidas a partir de animales de laboratorio. Seg\u00fan los expertos,\u00a0la exposici\u00f3n ocurre principalmente en el entorno laboral durante la extracci\u00f3n, molienda o procesamiento del talco, o durante la fabricaci\u00f3n de productos que lo contienen.<\/p>\n\n\n\n<h2 class=\"wp-block-heading\"><strong>La exposici\u00f3n para la poblaci\u00f3n<\/strong><\/h2>\n\n\n\n<p>Para la poblaci\u00f3n en general,\u00a0la exposici\u00f3n ocurre principalmente a trav\u00e9s del uso de cosm\u00e9ticos y polvos corporales que contienen talco. No obstante, los expertos no descartan ciertos sesgos en los estudios que han mostrado un aumento en la incidencia de c\u00e1ncer.<\/p>\n\n\n\n<p>Aunque&nbsp;la evaluaci\u00f3n se centr\u00f3 en el talco que no contiene amianto,&nbsp;no se podr\u00eda excluir que el talco estuviera contaminado con amianto en la mayor\u00eda de los estudios con humanos. En junio,&nbsp;la empresa farmac\u00e9utica estadounidense Johnson &amp; Johnson (J&amp;J) cerr\u00f3 un acuerdo definitivo con la justicia de 42 estados en Estados Unidos en un caso en el que el talco estaba sospechado de haber causado casos de c\u00e1ncer.<\/p>\n","protected":false},"excerpt":{"rendered":"<p>La agencia para el c\u00e1ncer de la Organizaci\u00f3n Mundial de la Salud (OMS) clasific\u00f3 al talco como\u00abprobablemente cancer\u00edgeno\u00bb, mientras que tambi\u00e9n clasific\u00f3 como cancer\u00edgeno el acrilonitrilo, un compuesto utilizado en la producci\u00f3n de pol\u00edmeros. Los expertos del Centro Internacional de Investigaciones sobre el C\u00e1ncer (CIRC\/IARC), reunidos en Lyon (Francia), publicaron sus resultados el viernes en &hellip;<\/p>\n","protected":false},"author":2,"featured_media":97790,"comment_status":"open","ping_status":"open","sticky":false,"template":"","format":"standard","meta":{"_jetpack_memberships_contains_paid_content":false,"footnotes":"","jetpack_publicize_message":"","jetpack_publicize_feature_enabled":true,"jetpack_social_post_already_shared":true,"jetpack_social_options":{"image_generator_settings":{"template":"highway","default_image_id":0,"font":"","enabled":false},"version":2}},"categories":[46],"tags":[],"class_list":["post-97789","post","type-post","status-publish","format-standard","has-post-thumbnail","hentry","category-salud"],"jetpack_publicize_connections":[],"jetpack_featured_media_url":"https:\/\/portalmovil.com.ar\/wp-content\/uploads\/2024\/07\/talco.jpg_1038286032.jpg","jetpack_sharing_enabled":true,"amp_enabled":true,"_links":{"self":[{"href":"https:\/\/portalmovil.com.ar\/index.php\/wp-json\/wp\/v2\/posts\/97789","targetHints":{"allow":["GET"]}}],"collection":[{"href":"https:\/\/portalmovil.com.ar\/index.php\/wp-json\/wp\/v2\/posts"}],"about":[{"href":"https:\/\/portalmovil.com.ar\/index.php\/wp-json\/wp\/v2\/types\/post"}],"author":[{"embeddable":true,"href":"https:\/\/portalmovil.com.ar\/index.php\/wp-json\/wp\/v2\/users\/2"}],"replies":[{"embeddable":true,"href":"https:\/\/portalmovil.com.ar\/index.php\/wp-json\/wp\/v2\/comments?post=97789"}],"version-history":[{"count":1,"href":"https:\/\/portalmovil.com.ar\/index.php\/wp-json\/wp\/v2\/posts\/97789\/revisions"}],"predecessor-version":[{"id":97791,"href":"https:\/\/portalmovil.com.ar\/index.php\/wp-json\/wp\/v2\/posts\/97789\/revisions\/97791"}],"wp:featuredmedia":[{"embeddable":true,"href":"https:\/\/portalmovil.com.ar\/index.php\/wp-json\/wp\/v2\/media\/97790"}],"wp:attachment":[{"href":"https:\/\/portalmovil.com.ar\/index.php\/wp-json\/wp\/v2\/media?parent=97789"}],"wp:term":[{"taxonomy":"category","embeddable":true,"href":"https:\/\/portalmovil.com.ar\/index.php\/wp-json\/wp\/v2\/categories?post=97789"},{"taxonomy":"post_tag","embeddable":true,"href":"https:\/\/portalmovil.com.ar\/index.php\/wp-json\/wp\/v2\/tags?post=97789"}],"curies":[{"name":"wp","href":"https:\/\/api.w.org\/{rel}","templated":true}]}}