{"id":97722,"date":"2024-07-04T15:00:14","date_gmt":"2024-07-04T18:00:14","guid":{"rendered":"https:\/\/portalmovil.com.ar\/?p=97722"},"modified":"2024-07-04T15:01:52","modified_gmt":"2024-07-04T18:01:52","slug":"anunciaron-la-primera-subasta-de-vehiculos-del-estado-chaqueno","status":"publish","type":"post","link":"https:\/\/portalmovil.com.ar\/index.php\/2024\/07\/04\/anunciaron-la-primera-subasta-de-vehiculos-del-estado-chaqueno\/","title":{"rendered":"Anunciaron la primera subasta de veh\u00edculos del estado chaque\u00f1o"},"content":{"rendered":"\n<p>El Gobierno provincial&nbsp;<strong>anunci\u00f3 la realizaci\u00f3n de su primera subasta p\u00fablica bajo esta gesti\u00f3n, donde se pondr\u00e1n a disposici\u00f3n del p\u00fablico 30 veh\u00edculos que forman parte de los bienes del Estado Provincial.&nbsp;<\/strong><\/p>\n\n\n\n<h2 class=\"wp-block-heading\">FECHA Y HORARIO:<\/h2>\n\n\n\n<figure class=\"wp-block-image size-full\"><img loading=\"lazy\" decoding=\"async\" width=\"440\" height=\"549\" src=\"https:\/\/portalmovil.com.ar\/wp-content\/uploads\/2024\/07\/267966w440h549c.jpg.webp\" alt=\"\" class=\"wp-image-97723\" srcset=\"https:\/\/portalmovil.com.ar\/wp-content\/uploads\/2024\/07\/267966w440h549c.jpg.webp 440w, https:\/\/portalmovil.com.ar\/wp-content\/uploads\/2024\/07\/267966w440h549c.jpg-240x300.webp 240w\" sizes=\"auto, (max-width: 440px) 100vw, 440px\" \/><\/figure>\n\n\n\n<p><strong>La subasta se llevar\u00e1 a cabo el jueves 11 de julio, comenzando a las 9 horas, en el Centro de Educaci\u00f3n F\u00edsica (CEF)<\/strong>&nbsp;N\u00b01, ubicado en Av. Lavalle 700 en la ciudad de Resistencia.&nbsp;<strong>Previo al evento, los d\u00edas 8, 9 y 10 de julio, los veh\u00edculos estar\u00e1n en exhibici\u00f3n en el Parque Industrial Chaco, situado en Av. del Puerto 235, Barranqueras, en horario de 9:00 a 12:00 horas.<\/strong><\/p>\n\n\n\n<p>El Gobernador, junto a funcionarios provinciales, extendi\u00f3 una invitaci\u00f3n abierta a toda la ciudadan\u00eda para que participe de esta subasta. \u00abEsta iniciativa no solo busca generar ingresos adicionales para la administraci\u00f3n p\u00fablica, sino tambi\u00e9n fomentar la transparencia y el acceso equitativo a los recursos estatales\u00bb.<\/p>\n","protected":false},"excerpt":{"rendered":"<p>El Gobierno provincial&nbsp;anunci\u00f3 la realizaci\u00f3n de su primera subasta p\u00fablica bajo esta gesti\u00f3n, donde se pondr\u00e1n a disposici\u00f3n del p\u00fablico 30 veh\u00edculos que forman parte de los bienes del Estado Provincial.&nbsp; FECHA Y HORARIO: La subasta se llevar\u00e1 a cabo el jueves 11 de julio, comenzando a las 9 horas, en el Centro de Educaci\u00f3n &hellip;<\/p>\n","protected":false},"author":2,"featured_media":97726,"comment_status":"open","ping_status":"open","sticky":false,"template":"","format":"standard","meta":{"_jetpack_memberships_contains_paid_content":false,"footnotes":"","jetpack_publicize_message":"","jetpack_publicize_feature_enabled":true,"jetpack_social_post_already_shared":true,"jetpack_social_options":{"image_generator_settings":{"template":"highway","default_image_id":0,"font":"","enabled":false},"version":2}},"categories":[28,5],"tags":[],"class_list":["post-97722","post","type-post","status-publish","format-standard","has-post-thumbnail","hentry","category-actualidad","category-chaco"],"jetpack_publicize_connections":[],"jetpack_featured_media_url":"https:\/\/portalmovil.com.ar\/wp-content\/uploads\/2024\/07\/267967h720.jpg.webp","jetpack_sharing_enabled":true,"amp_enabled":true,"_links":{"self":[{"href":"https:\/\/portalmovil.com.ar\/index.php\/wp-json\/wp\/v2\/posts\/97722","targetHints":{"allow":["GET"]}}],"collection":[{"href":"https:\/\/portalmovil.com.ar\/index.php\/wp-json\/wp\/v2\/posts"}],"about":[{"href":"https:\/\/portalmovil.com.ar\/index.php\/wp-json\/wp\/v2\/types\/post"}],"author":[{"embeddable":true,"href":"https:\/\/portalmovil.com.ar\/index.php\/wp-json\/wp\/v2\/users\/2"}],"replies":[{"embeddable":true,"href":"https:\/\/portalmovil.com.ar\/index.php\/wp-json\/wp\/v2\/comments?post=97722"}],"version-history":[{"count":1,"href":"https:\/\/portalmovil.com.ar\/index.php\/wp-json\/wp\/v2\/posts\/97722\/revisions"}],"predecessor-version":[{"id":97725,"href":"https:\/\/portalmovil.com.ar\/index.php\/wp-json\/wp\/v2\/posts\/97722\/revisions\/97725"}],"wp:featuredmedia":[{"embeddable":true,"href":"https:\/\/portalmovil.com.ar\/index.php\/wp-json\/wp\/v2\/media\/97726"}],"wp:attachment":[{"href":"https:\/\/portalmovil.com.ar\/index.php\/wp-json\/wp\/v2\/media?parent=97722"}],"wp:term":[{"taxonomy":"category","embeddable":true,"href":"https:\/\/portalmovil.com.ar\/index.php\/wp-json\/wp\/v2\/categories?post=97722"},{"taxonomy":"post_tag","embeddable":true,"href":"https:\/\/portalmovil.com.ar\/index.php\/wp-json\/wp\/v2\/tags?post=97722"}],"curies":[{"name":"wp","href":"https:\/\/api.w.org\/{rel}","templated":true}]}}