{"id":97707,"date":"2024-07-04T10:17:56","date_gmt":"2024-07-04T13:17:56","guid":{"rendered":"https:\/\/portalmovil.com.ar\/?p=97707"},"modified":"2024-07-04T10:17:59","modified_gmt":"2024-07-04T13:17:59","slug":"se-viene-un-aumento-para-los-empleados-de-sameep","status":"publish","type":"post","link":"https:\/\/portalmovil.com.ar\/index.php\/2024\/07\/04\/se-viene-un-aumento-para-los-empleados-de-sameep\/","title":{"rendered":"Se viene un aumento para los empleados de SAMEEP"},"content":{"rendered":"\n<h3 class=\"wp-block-heading\"><strong>En las \u00faltimas horas, se conoci\u00f3 la convocatoria a audiencia p\u00fablica de Sameep, con el objeto de exponer la readecuaci\u00f3n del cuadro tarifario por los servicios prestados en la provincia.<\/strong>&nbsp;<\/h3>\n\n\n\n<p><strong>La misma se realizar\u00e1 el pr\u00f3ximo 2 de agosto, a partir de las 10, en la Asociaci\u00f3n Espa\u00f1ola, Mutual, Cultural y Deportiva, ubicada en 25 de Mayo N\u00b0 225 de Charata.<\/strong><\/p>\n\n\n\n<p>Presidir\u00e1 la misma el titular de la empresa, Nicol\u00e1s Diez.<\/p>\n\n\n\n<p><strong>Quienes quieran participar de las exposiciones, deber\u00e1n inscribirse a partir del 12 de julio, de 6.30 a 12.30, en la sede de Sameep, en la avenida 9 de Julio al 788 o por mail&nbsp;<a href=\"mailto:sameep.info@chaco.gov.ar\">sameep.info@chaco.gov.ar<\/a>.<\/strong><\/p>\n\n\n\n<p>Deber\u00e1n dejar su nombre&nbsp; y apellido, tel\u00e9fono, correo electr\u00f3nico y adjuntar los documentos que se quieran presentar durante la audiencia.<\/p>\n\n\n\n<p><strong>La inscripci\u00f3n est\u00e1 abierta hasta el 31 de julio.<\/strong>&nbsp;Por consultas, podr\u00e1n llamar al 0800 444 0310.<\/p>\n","protected":false},"excerpt":{"rendered":"<p>En las \u00faltimas horas, se conoci\u00f3 la convocatoria a audiencia p\u00fablica de Sameep, con el objeto de exponer la readecuaci\u00f3n del cuadro tarifario por los servicios prestados en la provincia.&nbsp; La misma se realizar\u00e1 el pr\u00f3ximo 2 de agosto, a partir de las 10, en la Asociaci\u00f3n Espa\u00f1ola, Mutual, Cultural y Deportiva, ubicada en 25 &hellip;<\/p>\n","protected":false},"author":2,"featured_media":86517,"comment_status":"open","ping_status":"open","sticky":false,"template":"","format":"standard","meta":{"_jetpack_memberships_contains_paid_content":false,"footnotes":"","jetpack_publicize_message":"","jetpack_publicize_feature_enabled":true,"jetpack_social_post_already_shared":true,"jetpack_social_options":{"image_generator_settings":{"template":"highway","default_image_id":0,"font":"","enabled":false},"version":2}},"categories":[28,5],"tags":[],"class_list":["post-97707","post","type-post","status-publish","format-standard","has-post-thumbnail","hentry","category-actualidad","category-chaco"],"jetpack_publicize_connections":[],"jetpack_featured_media_url":"https:\/\/portalmovil.com.ar\/wp-content\/uploads\/2023\/11\/Sameep.webp","jetpack_sharing_enabled":true,"amp_enabled":true,"_links":{"self":[{"href":"https:\/\/portalmovil.com.ar\/index.php\/wp-json\/wp\/v2\/posts\/97707","targetHints":{"allow":["GET"]}}],"collection":[{"href":"https:\/\/portalmovil.com.ar\/index.php\/wp-json\/wp\/v2\/posts"}],"about":[{"href":"https:\/\/portalmovil.com.ar\/index.php\/wp-json\/wp\/v2\/types\/post"}],"author":[{"embeddable":true,"href":"https:\/\/portalmovil.com.ar\/index.php\/wp-json\/wp\/v2\/users\/2"}],"replies":[{"embeddable":true,"href":"https:\/\/portalmovil.com.ar\/index.php\/wp-json\/wp\/v2\/comments?post=97707"}],"version-history":[{"count":1,"href":"https:\/\/portalmovil.com.ar\/index.php\/wp-json\/wp\/v2\/posts\/97707\/revisions"}],"predecessor-version":[{"id":97709,"href":"https:\/\/portalmovil.com.ar\/index.php\/wp-json\/wp\/v2\/posts\/97707\/revisions\/97709"}],"wp:featuredmedia":[{"embeddable":true,"href":"https:\/\/portalmovil.com.ar\/index.php\/wp-json\/wp\/v2\/media\/86517"}],"wp:attachment":[{"href":"https:\/\/portalmovil.com.ar\/index.php\/wp-json\/wp\/v2\/media?parent=97707"}],"wp:term":[{"taxonomy":"category","embeddable":true,"href":"https:\/\/portalmovil.com.ar\/index.php\/wp-json\/wp\/v2\/categories?post=97707"},{"taxonomy":"post_tag","embeddable":true,"href":"https:\/\/portalmovil.com.ar\/index.php\/wp-json\/wp\/v2\/tags?post=97707"}],"curies":[{"name":"wp","href":"https:\/\/api.w.org\/{rel}","templated":true}]}}