{"id":97405,"date":"2024-06-30T09:56:00","date_gmt":"2024-06-30T12:56:00","guid":{"rendered":"https:\/\/portalmovil.com.ar\/?p=97405"},"modified":"2024-06-30T22:01:05","modified_gmt":"2024-07-01T01:01:05","slug":"zdero-acompano-la-inauguracion-del-centro-radiologico-en-saenz-pena","status":"publish","type":"post","link":"https:\/\/portalmovil.com.ar\/index.php\/2024\/06\/30\/zdero-acompano-la-inauguracion-del-centro-radiologico-en-saenz-pena\/","title":{"rendered":"Zdero acompa\u00f1\u00f3 la inauguraci\u00f3n del Centro Radiol\u00f3gico en S\u00e1enz Pe\u00f1a"},"content":{"rendered":"\n<p>El gobernador\u00a0<strong>Leandro Zdero<\/strong>, acompa\u00f1ado por el ministro de Salud de la provincia,\u00a0<strong>Sergio Rodr\u00edguez<\/strong>, y el intendente de S\u00e1enz Pe\u00f1a,\u00a0<strong>Bruno Cipolini,<\/strong>\u00a0valor\u00f3 la inauguraci\u00f3n del nuevo Centro Radiol\u00f3gico en la ciudad termal, que promueve una atenci\u00f3n m\u00e1s personalizada y de elevada tecnolog\u00eda destinada a toda la poblaci\u00f3n del interior.\u00a0<\/p>\n\n\n\n<p>\u00abBrindamos nuestro apoyo para que estas inversiones vengan al interior provincial y porque pretenden tambi\u00e9n llegar a otras regiones de la provincia.\u00a0<strong>Es una inversi\u00f3n del sector privado y contar\u00e1 con personal oriundo de S\u00e1enz Pe\u00f1a, que recibi\u00f3 sus capacitaciones en Resistencia<\/strong>\u00ab, indic\u00f3 el gobernador Zdero.<\/p>\n","protected":false},"excerpt":{"rendered":"<p>El gobernador\u00a0Leandro Zdero, acompa\u00f1ado por el ministro de Salud de la provincia,\u00a0Sergio Rodr\u00edguez, y el intendente de S\u00e1enz Pe\u00f1a,\u00a0Bruno Cipolini,\u00a0valor\u00f3 la inauguraci\u00f3n del nuevo Centro Radiol\u00f3gico en la ciudad termal, que promueve una atenci\u00f3n m\u00e1s personalizada y de elevada tecnolog\u00eda destinada a toda la poblaci\u00f3n del interior.\u00a0 \u00abBrindamos nuestro apoyo para que estas inversiones vengan &hellip;<\/p>\n","protected":false},"author":2,"featured_media":97406,"comment_status":"open","ping_status":"open","sticky":false,"template":"","format":"standard","meta":{"_jetpack_memberships_contains_paid_content":false,"footnotes":"","jetpack_publicize_message":"","jetpack_publicize_feature_enabled":true,"jetpack_social_post_already_shared":true,"jetpack_social_options":{"image_generator_settings":{"template":"highway","default_image_id":0,"font":"","enabled":false},"version":2}},"categories":[5,14,12],"tags":[],"class_list":["post-97405","post","type-post","status-publish","format-standard","has-post-thumbnail","hentry","category-chaco","category-politica","category-ultimo"],"jetpack_publicize_connections":[],"jetpack_featured_media_url":"https:\/\/portalmovil.com.ar\/wp-content\/uploads\/2024\/06\/607675w480h332c.jpg.webp","jetpack_sharing_enabled":true,"amp_enabled":true,"_links":{"self":[{"href":"https:\/\/portalmovil.com.ar\/index.php\/wp-json\/wp\/v2\/posts\/97405","targetHints":{"allow":["GET"]}}],"collection":[{"href":"https:\/\/portalmovil.com.ar\/index.php\/wp-json\/wp\/v2\/posts"}],"about":[{"href":"https:\/\/portalmovil.com.ar\/index.php\/wp-json\/wp\/v2\/types\/post"}],"author":[{"embeddable":true,"href":"https:\/\/portalmovil.com.ar\/index.php\/wp-json\/wp\/v2\/users\/2"}],"replies":[{"embeddable":true,"href":"https:\/\/portalmovil.com.ar\/index.php\/wp-json\/wp\/v2\/comments?post=97405"}],"version-history":[{"count":1,"href":"https:\/\/portalmovil.com.ar\/index.php\/wp-json\/wp\/v2\/posts\/97405\/revisions"}],"predecessor-version":[{"id":97407,"href":"https:\/\/portalmovil.com.ar\/index.php\/wp-json\/wp\/v2\/posts\/97405\/revisions\/97407"}],"wp:featuredmedia":[{"embeddable":true,"href":"https:\/\/portalmovil.com.ar\/index.php\/wp-json\/wp\/v2\/media\/97406"}],"wp:attachment":[{"href":"https:\/\/portalmovil.com.ar\/index.php\/wp-json\/wp\/v2\/media?parent=97405"}],"wp:term":[{"taxonomy":"category","embeddable":true,"href":"https:\/\/portalmovil.com.ar\/index.php\/wp-json\/wp\/v2\/categories?post=97405"},{"taxonomy":"post_tag","embeddable":true,"href":"https:\/\/portalmovil.com.ar\/index.php\/wp-json\/wp\/v2\/tags?post=97405"}],"curies":[{"name":"wp","href":"https:\/\/api.w.org\/{rel}","templated":true}]}}