{"id":97345,"date":"2024-06-29T23:33:46","date_gmt":"2024-06-30T02:33:46","guid":{"rendered":"https:\/\/portalmovil.com.ar\/?p=97345"},"modified":"2024-06-29T23:33:49","modified_gmt":"2024-06-30T02:33:49","slug":"el-gobierno-cierra-20-oficinas-de-senasa-en-todo-el-pais","status":"publish","type":"post","link":"https:\/\/portalmovil.com.ar\/index.php\/2024\/06\/29\/el-gobierno-cierra-20-oficinas-de-senasa-en-todo-el-pais\/","title":{"rendered":"El Gobierno cierra 20 oficinas de SENASA en todo el pa\u00eds"},"content":{"rendered":"\n<p>El Servicio Nacional de Sanidad y Calidad Agroalimentaria (SENASA) fue una de las primeras dependencias del Estado en donde hubo conflicto con el Gobierno Nacional de Javier Milei. Tal es as\u00ed que ATE convoc\u00f3 a un paro en esa oficina incluso antes de la asunci\u00f3n del presidente libertario. Hoy, le pasaron la motosierra.<\/p>\n\n\n\n<p>A trav\u00e9s de la Resoluci\u00f3n 683\/2024 publicada en el Bolet\u00edn Oficial de este viernes se dispuso cerrar 20 oficinas del SENASA diseminadas por todo el pa\u00eds. En la norma, el titular del organismo, Pablo Cortese, explic\u00f3 que el objetivo es \u00bb mejorar la coordinaci\u00f3n, econom\u00eda y eficiencia del servicio\u00bb. A su vez, prometi\u00f3 que \u00abdicha baja no afectar\u00e1 la prestaci\u00f3n del servicio en los territorios\u00bb.<\/p>\n\n\n\n<p>En concreto, las autoridades dispusieron cerrar unas 20 oficinas locales de la provincia de Buenos Aires, CABA, C\u00f3rdoba, Corrientes, Misiones, Salta, San Luis y Santa Fe. A cada sede que clausuraron la integraron a la jurisdicci\u00f3n de la oficina local m\u00e1s cercana aunque en algunos casos puede haber m\u00e1s de 40 kil\u00f3metros entre una y otra.<\/p>\n\n\n\n<p>Por ejemplo, en la provincia de Buenos Aires decidieron cerrar la oficina local de Berisso que pas\u00f3 a integrarse a la de La Plata. Tambi\u00e9n la de Capilla del Se\u00f1or que ahora depende de la de San Andr\u00e9s de Giles. La de Coronel Rosales cerr\u00f3 y qued\u00f3 integrada a la de Bah\u00eda Blanca. La de Henderson pas\u00f3 a depender de Daireaux y la de San Nicol\u00e1s a Ramallo. De esta manera, ahora hay 112 oficinas locales del Senasa en territorio bonaerense.<\/p>\n\n\n\n<p>Habr\u00e1 que ver c\u00f3mo reaccionan los sindicatos que nuclean a los trabajadores de la dependencia sanitaria a esta medida. No ser\u00eda extra\u00f1o que decidan movilizarse contra el cierre de oficinas como hicieron en febrero y marzo contra el despido de m\u00e1s de 550 empleados del \u00e1rea que quiso implementar el Gobierno Nacional.<\/p>\n","protected":false},"excerpt":{"rendered":"<p>El Servicio Nacional de Sanidad y Calidad Agroalimentaria (SENASA) fue una de las primeras dependencias del Estado en donde hubo conflicto con el Gobierno Nacional de Javier Milei. Tal es as\u00ed que ATE convoc\u00f3 a un paro en esa oficina incluso antes de la asunci\u00f3n del presidente libertario. Hoy, le pasaron la motosierra. A trav\u00e9s &hellip;<\/p>\n","protected":false},"author":2,"featured_media":97346,"comment_status":"open","ping_status":"open","sticky":false,"template":"","format":"standard","meta":{"_jetpack_memberships_contains_paid_content":false,"footnotes":"","jetpack_publicize_message":"","jetpack_publicize_feature_enabled":true,"jetpack_social_post_already_shared":true,"jetpack_social_options":{"image_generator_settings":{"template":"highway","default_image_id":0,"font":"","enabled":false},"version":2}},"categories":[639,14],"tags":[],"class_list":["post-97345","post","type-post","status-publish","format-standard","has-post-thumbnail","hentry","category-argentina","category-politica"],"jetpack_publicize_connections":[],"jetpack_featured_media_url":"https:\/\/portalmovil.com.ar\/wp-content\/uploads\/2024\/06\/senasa.png","jetpack_sharing_enabled":true,"amp_enabled":true,"_links":{"self":[{"href":"https:\/\/portalmovil.com.ar\/index.php\/wp-json\/wp\/v2\/posts\/97345","targetHints":{"allow":["GET"]}}],"collection":[{"href":"https:\/\/portalmovil.com.ar\/index.php\/wp-json\/wp\/v2\/posts"}],"about":[{"href":"https:\/\/portalmovil.com.ar\/index.php\/wp-json\/wp\/v2\/types\/post"}],"author":[{"embeddable":true,"href":"https:\/\/portalmovil.com.ar\/index.php\/wp-json\/wp\/v2\/users\/2"}],"replies":[{"embeddable":true,"href":"https:\/\/portalmovil.com.ar\/index.php\/wp-json\/wp\/v2\/comments?post=97345"}],"version-history":[{"count":1,"href":"https:\/\/portalmovil.com.ar\/index.php\/wp-json\/wp\/v2\/posts\/97345\/revisions"}],"predecessor-version":[{"id":97347,"href":"https:\/\/portalmovil.com.ar\/index.php\/wp-json\/wp\/v2\/posts\/97345\/revisions\/97347"}],"wp:featuredmedia":[{"embeddable":true,"href":"https:\/\/portalmovil.com.ar\/index.php\/wp-json\/wp\/v2\/media\/97346"}],"wp:attachment":[{"href":"https:\/\/portalmovil.com.ar\/index.php\/wp-json\/wp\/v2\/media?parent=97345"}],"wp:term":[{"taxonomy":"category","embeddable":true,"href":"https:\/\/portalmovil.com.ar\/index.php\/wp-json\/wp\/v2\/categories?post=97345"},{"taxonomy":"post_tag","embeddable":true,"href":"https:\/\/portalmovil.com.ar\/index.php\/wp-json\/wp\/v2\/tags?post=97345"}],"curies":[{"name":"wp","href":"https:\/\/api.w.org\/{rel}","templated":true}]}}