{"id":97307,"date":"2024-06-29T01:42:00","date_gmt":"2024-06-29T04:42:00","guid":{"rendered":"https:\/\/portalmovil.com.ar\/?p=97307"},"modified":"2024-06-29T13:47:50","modified_gmt":"2024-06-29T16:47:50","slug":"caso-loan-el-gobernador-gustavo-valdes-hablo-sobre-para-la-confesion-de-laudelina","status":"publish","type":"post","link":"https:\/\/portalmovil.com.ar\/index.php\/2024\/06\/29\/caso-loan-el-gobernador-gustavo-valdes-hablo-sobre-para-la-confesion-de-laudelina\/","title":{"rendered":"Caso Loan: el gobernador Gustavo Vald\u00e9s habl\u00f3 sobre para la confesi\u00f3n de Laudelina"},"content":{"rendered":"\n<p>Esta jornada se cumplen 16 d\u00edas de la desaparici\u00f3n de Loan Danilo Pe\u00f1a, el nene de 5 a\u00f1os que fue visto por \u00faltima vez en la zona rural de 9 de Julio. Antes del mediod\u00eda, el gobernador de Corrientes, Gustavo Vald\u00e9s, revel\u00f3 que \u00abse ha dado un gran paso\u00bb en la investigaci\u00f3n<\/p>\n\n\n\n<p>El mandatario sostuvo este s\u00e1bado, a trav\u00e9s de su cuenta de X, que hay avances en la investigaci\u00f3n del caso Loan. \u00abSe ha dado un gran paso en la resoluci\u00f3n del caso\u00bb, escribi\u00f3 cerca de las 11:30 de este s\u00e1bado.<\/p>\n\n\n\n<figure class=\"wp-block-embed is-type-rich is-provider-twitter wp-block-embed-twitter\"><div class=\"wp-block-embed__wrapper\">\nhttps:\/\/twitter.com\/gustavovaldesok\/status\/1807073681211858991?s=19\n<\/div><\/figure>\n","protected":false},"excerpt":{"rendered":"<p>Esta jornada se cumplen 16 d\u00edas de la desaparici\u00f3n de Loan Danilo Pe\u00f1a, el nene de 5 a\u00f1os que fue visto por \u00faltima vez en la zona rural de 9 de Julio. Antes del mediod\u00eda, el gobernador de Corrientes, Gustavo Vald\u00e9s, revel\u00f3 que \u00abse ha dado un gran paso\u00bb en la investigaci\u00f3n El mandatario sostuvo &hellip;<\/p>\n","protected":false},"author":2,"featured_media":97308,"comment_status":"open","ping_status":"open","sticky":false,"template":"","format":"standard","meta":{"_jetpack_memberships_contains_paid_content":false,"footnotes":"","jetpack_publicize_message":"","jetpack_publicize_feature_enabled":true,"jetpack_social_post_already_shared":true,"jetpack_social_options":{"image_generator_settings":{"template":"highway","default_image_id":0,"font":"","enabled":false},"version":2}},"categories":[639,12],"tags":[],"class_list":["post-97307","post","type-post","status-publish","format-standard","has-post-thumbnail","hentry","category-argentina","category-ultimo"],"jetpack_publicize_connections":[],"jetpack_featured_media_url":"https:\/\/portalmovil.com.ar\/wp-content\/uploads\/2024\/06\/1200x675-4-1.jpg","jetpack_sharing_enabled":true,"amp_enabled":true,"_links":{"self":[{"href":"https:\/\/portalmovil.com.ar\/index.php\/wp-json\/wp\/v2\/posts\/97307","targetHints":{"allow":["GET"]}}],"collection":[{"href":"https:\/\/portalmovil.com.ar\/index.php\/wp-json\/wp\/v2\/posts"}],"about":[{"href":"https:\/\/portalmovil.com.ar\/index.php\/wp-json\/wp\/v2\/types\/post"}],"author":[{"embeddable":true,"href":"https:\/\/portalmovil.com.ar\/index.php\/wp-json\/wp\/v2\/users\/2"}],"replies":[{"embeddable":true,"href":"https:\/\/portalmovil.com.ar\/index.php\/wp-json\/wp\/v2\/comments?post=97307"}],"version-history":[{"count":1,"href":"https:\/\/portalmovil.com.ar\/index.php\/wp-json\/wp\/v2\/posts\/97307\/revisions"}],"predecessor-version":[{"id":97309,"href":"https:\/\/portalmovil.com.ar\/index.php\/wp-json\/wp\/v2\/posts\/97307\/revisions\/97309"}],"wp:featuredmedia":[{"embeddable":true,"href":"https:\/\/portalmovil.com.ar\/index.php\/wp-json\/wp\/v2\/media\/97308"}],"wp:attachment":[{"href":"https:\/\/portalmovil.com.ar\/index.php\/wp-json\/wp\/v2\/media?parent=97307"}],"wp:term":[{"taxonomy":"category","embeddable":true,"href":"https:\/\/portalmovil.com.ar\/index.php\/wp-json\/wp\/v2\/categories?post=97307"},{"taxonomy":"post_tag","embeddable":true,"href":"https:\/\/portalmovil.com.ar\/index.php\/wp-json\/wp\/v2\/tags?post=97307"}],"curies":[{"name":"wp","href":"https:\/\/api.w.org\/{rel}","templated":true}]}}