{"id":97271,"date":"2024-06-28T04:17:00","date_gmt":"2024-06-28T07:17:00","guid":{"rendered":"https:\/\/portalmovil.com.ar\/?p=97271"},"modified":"2024-06-28T16:19:33","modified_gmt":"2024-06-28T19:19:33","slug":"zdero-inauguro-la-21-expo-agronea-2024-y-ratifico-el-compromiso-con-el-chaco-productivo","status":"publish","type":"post","link":"https:\/\/portalmovil.com.ar\/index.php\/2024\/06\/28\/zdero-inauguro-la-21-expo-agronea-2024-y-ratifico-el-compromiso-con-el-chaco-productivo\/","title":{"rendered":"Zdero inaugur\u00f3 la 21\u00b0 Expo Agronea 2024 y ratific\u00f3 \u00abel compromiso con el Chaco productivo\u00bb"},"content":{"rendered":"\n<p>El gobernador\u00a0<strong>Leandro Zdero<\/strong>\u00a0acompa\u00f1\u00f3, junto a la vicegobernadora\u00a0<strong>Silvana Schneider<\/strong>\u00a0la inauguraci\u00f3n de la 21\u00b0 Edici\u00f3n de la Expo Agronea 2024 \u00abInteligencia Agropecuaria\u00bb, en Charata. La muestra se desarrolla en Charata hasta el domingo 30, bajo el slogan \u00abInteligencia Agropecuaria\u00bb.<\/p>\n\n\n\n<p>El evento agroindustrial, ganadera y comercial m\u00e1s importante del Norte argentino se desarrollar\u00e1 durante tres d\u00edas con remates, charlas y actividades para toda la familia. \u00abComo gobernador quiero ratificar nuestro compromiso con el Chaco productivo;\u00a0<strong>cuando le va bien al campo, le va bien al comercio, a la industria y a todos los chaque\u00f1os\u00bb<\/strong>, afirm\u00f3 Zdero.<\/p>\n\n\n\n<p>En este sentido,\u00a0<strong>el Gobernador valor\u00f3 el trabajo del comit\u00e9 organizador de la Expo.<\/strong>\u00a0\u00abQuiero felicitarlos por sostenerla en el tiempo; hay un equipo detr\u00e1s, hoy liderado por los hermanos Alegre, que lleva adelante un gran trabajo para que \u00e9ste sea el punto de encuentro del campo, de cada eslab\u00f3n de la cadena econ\u00f3mico y productiva de la provincia\u00bb, expres\u00f3.<\/p>\n\n\n\n<p>En esa l\u00ednea, asegur\u00f3 Zdero que desde el Gobierno provincial se acompa\u00f1a al sector con \u00abgestos reales\u00bb.\u00a0<strong>\u00abSomos la \u00fanica provincia que elimin\u00f3 impuestos, una de las \u00fanicas que suspendi\u00f3 el impuesto inmobiliario rural a los productores de menos de 500 hect\u00e1reas<\/strong>\u00a0y pusimos a disposici\u00f3n del sector cr\u00e9ditos y herramientas financieras apostando a su desarrollo\u00bb, dijo y remarc\u00f3 que existe una oferta importante para los productores. \u00abEl camino transitado es tan solo unos pasos, pero pasos seguros de un camino de construcci\u00f3n para un Chaco productivo, en desarrollo y crecimiento\u00bb, agreg\u00f3.<\/p>\n","protected":false},"excerpt":{"rendered":"<p>El gobernador\u00a0Leandro Zdero\u00a0acompa\u00f1\u00f3, junto a la vicegobernadora\u00a0Silvana Schneider\u00a0la inauguraci\u00f3n de la 21\u00b0 Edici\u00f3n de la Expo Agronea 2024 \u00abInteligencia Agropecuaria\u00bb, en Charata. La muestra se desarrolla en Charata hasta el domingo 30, bajo el slogan \u00abInteligencia Agropecuaria\u00bb. El evento agroindustrial, ganadera y comercial m\u00e1s importante del Norte argentino se desarrollar\u00e1 durante tres d\u00edas con remates, &hellip;<\/p>\n","protected":false},"author":2,"featured_media":97272,"comment_status":"open","ping_status":"open","sticky":false,"template":"","format":"standard","meta":{"_jetpack_memberships_contains_paid_content":false,"footnotes":"","jetpack_publicize_message":"","jetpack_publicize_feature_enabled":true,"jetpack_social_post_already_shared":true,"jetpack_social_options":{"image_generator_settings":{"template":"highway","default_image_id":0,"font":"","enabled":false},"version":2}},"categories":[5,14,12],"tags":[],"class_list":["post-97271","post","type-post","status-publish","format-standard","has-post-thumbnail","hentry","category-chaco","category-politica","category-ultimo"],"jetpack_publicize_connections":[],"jetpack_featured_media_url":"https:\/\/portalmovil.com.ar\/wp-content\/uploads\/2024\/06\/607520w480h320c.jpg.webp","jetpack_sharing_enabled":true,"amp_enabled":true,"_links":{"self":[{"href":"https:\/\/portalmovil.com.ar\/index.php\/wp-json\/wp\/v2\/posts\/97271","targetHints":{"allow":["GET"]}}],"collection":[{"href":"https:\/\/portalmovil.com.ar\/index.php\/wp-json\/wp\/v2\/posts"}],"about":[{"href":"https:\/\/portalmovil.com.ar\/index.php\/wp-json\/wp\/v2\/types\/post"}],"author":[{"embeddable":true,"href":"https:\/\/portalmovil.com.ar\/index.php\/wp-json\/wp\/v2\/users\/2"}],"replies":[{"embeddable":true,"href":"https:\/\/portalmovil.com.ar\/index.php\/wp-json\/wp\/v2\/comments?post=97271"}],"version-history":[{"count":1,"href":"https:\/\/portalmovil.com.ar\/index.php\/wp-json\/wp\/v2\/posts\/97271\/revisions"}],"predecessor-version":[{"id":97273,"href":"https:\/\/portalmovil.com.ar\/index.php\/wp-json\/wp\/v2\/posts\/97271\/revisions\/97273"}],"wp:featuredmedia":[{"embeddable":true,"href":"https:\/\/portalmovil.com.ar\/index.php\/wp-json\/wp\/v2\/media\/97272"}],"wp:attachment":[{"href":"https:\/\/portalmovil.com.ar\/index.php\/wp-json\/wp\/v2\/media?parent=97271"}],"wp:term":[{"taxonomy":"category","embeddable":true,"href":"https:\/\/portalmovil.com.ar\/index.php\/wp-json\/wp\/v2\/categories?post=97271"},{"taxonomy":"post_tag","embeddable":true,"href":"https:\/\/portalmovil.com.ar\/index.php\/wp-json\/wp\/v2\/tags?post=97271"}],"curies":[{"name":"wp","href":"https:\/\/api.w.org\/{rel}","templated":true}]}}