{"id":97154,"date":"2024-06-27T11:41:27","date_gmt":"2024-06-27T14:41:27","guid":{"rendered":"https:\/\/portalmovil.com.ar\/?p=97154"},"modified":"2024-06-27T11:43:50","modified_gmt":"2024-06-27T14:43:50","slug":"corrientes-la-policia-realiza-nuevos-rastrillajes-en-el-campo-donde-trabaja-el-tio-de-loan","status":"publish","type":"post","link":"https:\/\/portalmovil.com.ar\/index.php\/2024\/06\/27\/corrientes-la-policia-realiza-nuevos-rastrillajes-en-el-campo-donde-trabaja-el-tio-de-loan\/","title":{"rendered":"Corrientes: la Polic\u00eda realiza nuevos rastrillajes en el campo donde trabaja el t\u00edo de Loan"},"content":{"rendered":"\n<p>Una inspecci\u00f3n ocular, junto con la divisi\u00f3n de canes, se realiza este jueves en un campo de 9 de Julio, Corrientes, lindante con el de Catalina, la abuela de Loan Pe\u00f1a, donde se llev\u00f3 a cabo el almuerzo previo a la desaparici\u00f3n del menor y del que participaron cinco de los seis detenidos.<\/p>\n\n\n\n<p><strong>El operativo se desarrolla en una chacra que pertenece a una estanciera y donde trabaja un t\u00edo de Loan que por el momento no est\u00e1 investigado en la causa.<\/strong>\u00a0Se trata de Miguel Noguera, quien es hermano de Mar\u00eda, la mam\u00e1 del peque\u00f1o. \u00a0<\/p>\n\n\n\n<p>Cabe aclarar ese punto, teniendo en cuenta que otro t\u00edo del menor, Antonio Bernardino Ben\u00edtez, s\u00ed est\u00e1 imputado y acusado por \u00abcaptaci\u00f3n de personas con fines de explotaci\u00f3n agravada por ser la v\u00edctima menor de 18 a\u00f1os\u00bb, al igual que otros cuatro detenidos, con excepci\u00f3n de Maciel, que se lo acusa de encubrimiento.\u00a0<\/p>\n\n\n\n<p><strong>En la inspecci\u00f3n trabaja la Polic\u00eda de Corrientes, cadetes y la divisi\u00f3n de canes.<\/strong>\u00a0Los operativos son una continuidad de los rastrillajes realizados en la jornada del mi\u00e9rcoles, incluso en lugares que ya se hab\u00edan recorrido en los primeros d\u00edas de b\u00fasqueda.<\/p>\n\n\n\n<p>Durante el d\u00eda anterior fue inspeccionada nuevamente una propiedad de Victoria Caillava y Carlos P\u00e9rez, ubicada a unos tres kil\u00f3metros de la casa de Catalina. Adem\u00e1s, se aguarda por conocer los resultados del peritaje a los tel\u00e9fonos celulares incautados.&nbsp;<\/p>\n\n\n\n<p>Luego de las hip\u00f3tesis que se manejaban sobre una posible captaci\u00f3n de Loan para ser llevado desde Corrientes a Paraguay, a Brasil o a otro destino en el extranjero,&nbsp;<strong>ahora nuevamente cobra fuerza la creencia de que el ni\u00f1o podr\u00eda estar en Corrientes.&nbsp;<\/strong><\/p>\n","protected":false},"excerpt":{"rendered":"<p>Una inspecci\u00f3n ocular, junto con la divisi\u00f3n de canes, se realiza este jueves en un campo de 9 de Julio, Corrientes, lindante con el de Catalina, la abuela de Loan Pe\u00f1a, donde se llev\u00f3 a cabo el almuerzo previo a la desaparici\u00f3n del menor y del que participaron cinco de los seis detenidos. El operativo &hellip;<\/p>\n","protected":false},"author":2,"featured_media":97157,"comment_status":"open","ping_status":"open","sticky":false,"template":"","format":"standard","meta":{"_jetpack_memberships_contains_paid_content":false,"footnotes":"","jetpack_publicize_message":"","jetpack_publicize_feature_enabled":true,"jetpack_social_post_already_shared":true,"jetpack_social_options":{"image_generator_settings":{"template":"highway","default_image_id":0,"font":"","enabled":false},"version":2}},"categories":[639,8],"tags":[],"class_list":["post-97154","post","type-post","status-publish","format-standard","has-post-thumbnail","hentry","category-argentina","category-policiales"],"jetpack_publicize_connections":[],"jetpack_featured_media_url":"https:\/\/portalmovil.com.ar\/wp-content\/uploads\/2024\/06\/64731w620h450.png","jetpack_sharing_enabled":true,"amp_enabled":true,"_links":{"self":[{"href":"https:\/\/portalmovil.com.ar\/index.php\/wp-json\/wp\/v2\/posts\/97154","targetHints":{"allow":["GET"]}}],"collection":[{"href":"https:\/\/portalmovil.com.ar\/index.php\/wp-json\/wp\/v2\/posts"}],"about":[{"href":"https:\/\/portalmovil.com.ar\/index.php\/wp-json\/wp\/v2\/types\/post"}],"author":[{"embeddable":true,"href":"https:\/\/portalmovil.com.ar\/index.php\/wp-json\/wp\/v2\/users\/2"}],"replies":[{"embeddable":true,"href":"https:\/\/portalmovil.com.ar\/index.php\/wp-json\/wp\/v2\/comments?post=97154"}],"version-history":[{"count":1,"href":"https:\/\/portalmovil.com.ar\/index.php\/wp-json\/wp\/v2\/posts\/97154\/revisions"}],"predecessor-version":[{"id":97156,"href":"https:\/\/portalmovil.com.ar\/index.php\/wp-json\/wp\/v2\/posts\/97154\/revisions\/97156"}],"wp:featuredmedia":[{"embeddable":true,"href":"https:\/\/portalmovil.com.ar\/index.php\/wp-json\/wp\/v2\/media\/97157"}],"wp:attachment":[{"href":"https:\/\/portalmovil.com.ar\/index.php\/wp-json\/wp\/v2\/media?parent=97154"}],"wp:term":[{"taxonomy":"category","embeddable":true,"href":"https:\/\/portalmovil.com.ar\/index.php\/wp-json\/wp\/v2\/categories?post=97154"},{"taxonomy":"post_tag","embeddable":true,"href":"https:\/\/portalmovil.com.ar\/index.php\/wp-json\/wp\/v2\/tags?post=97154"}],"curies":[{"name":"wp","href":"https:\/\/api.w.org\/{rel}","templated":true}]}}