{"id":97142,"date":"2024-06-27T10:12:37","date_gmt":"2024-06-27T13:12:37","guid":{"rendered":"https:\/\/portalmovil.com.ar\/?p=97142"},"modified":"2024-06-27T10:12:40","modified_gmt":"2024-06-27T13:12:40","slug":"caso-loan-trasladaron-a-los-detenidos-a-carceles-de-chaco-y-salta","status":"publish","type":"post","link":"https:\/\/portalmovil.com.ar\/index.php\/2024\/06\/27\/caso-loan-trasladaron-a-los-detenidos-a-carceles-de-chaco-y-salta\/","title":{"rendered":"Caso Loan: trasladaron a los detenidos a c\u00e1rceles de Chaco y Salta"},"content":{"rendered":"\n<p>Se cumplen hoy dos semanas desde que el nene de 5 a\u00f1os fue visto por \u00faltima vez en una zona rural de la provincia. Los detenidos fueron trasladados a c\u00e1rceles federales. Cobra fuerza la hip\u00f3tesis de que la criminalidad organizada est\u00e1 detr\u00e1s de la desaparici\u00f3n<\/p>\n\n\n\n<p>La Justicia federal dispuso el traslado de los seis imputados a diferentes c\u00e1rceles en las provincias de Chaco y Salta. En caso de nuestra provincia, Daniel \u00abFierrito\u00bb Ram\u00edrez, ser\u00e1 alojado de un momento otro en la Unidad Carcelaria federal N\u00famero 7 en la ciudad de Resistencia\u00bb<\/p>\n\n\n\n<p>Por el hecho est\u00e1n imputados el capit\u00e1n de nav\u00edo de la Armada retirado Carlos P\u00e9rez y la exfuncionaria municipal Mar\u00eda Victoria Caillava, ambos acusados como coautores materiales de la captaci\u00f3n con fines de explotaci\u00f3n de Loan.<\/p>\n\n\n\n<p>En tanto, Antonio Ben\u00edtez y M\u00f3nica del Carmen Millapi est\u00e1n acusados de ser part\u00edcipes primarios de ese delito junto a Daniel \u201cFierrito\u201d Ram\u00edrez. El otro de los detenidos, el comisario Walter Maciel, est\u00e1 acusado de encubrimiento por favorecimiento real, calificado por la gravedad del delito precedente y la calidad de funcionario p\u00fablico del autor.<\/p>\n\n\n\n<p>Los detenidos fueron trasladados a c\u00e1rceles federales. Una familiar hizo una grave acusaci\u00f3n contra Ben\u00edtez.<\/p>\n\n\n\n<p>El caso es investigado por la jueza Federal Cristina Pozzer Penzo y la Procuradur\u00eda de Trata y Explotaci\u00f3n de Personas (Protex). La ministra de Seguridad de la Naci\u00f3n, Patricia Bullrich, viaj\u00f3 a Goya para interiorizarse sobre los detalles de la investigaci\u00f3n.<\/p>\n","protected":false},"excerpt":{"rendered":"<p>Se cumplen hoy dos semanas desde que el nene de 5 a\u00f1os fue visto por \u00faltima vez en una zona rural de la provincia. Los detenidos fueron trasladados a c\u00e1rceles federales. Cobra fuerza la hip\u00f3tesis de que la criminalidad organizada est\u00e1 detr\u00e1s de la desaparici\u00f3n La Justicia federal dispuso el traslado de los seis imputados &hellip;<\/p>\n","protected":false},"author":6,"featured_media":97144,"comment_status":"open","ping_status":"open","sticky":false,"template":"","format":"standard","meta":{"_jetpack_memberships_contains_paid_content":false,"footnotes":"","jetpack_publicize_message":"","jetpack_publicize_feature_enabled":true,"jetpack_social_post_already_shared":true,"jetpack_social_options":{"image_generator_settings":{"template":"highway","default_image_id":0,"font":"","enabled":false},"version":2}},"categories":[8],"tags":[],"class_list":["post-97142","post","type-post","status-publish","format-standard","has-post-thumbnail","hentry","category-policiales"],"jetpack_publicize_connections":[],"jetpack_featured_media_url":"https:\/\/portalmovil.com.ar\/wp-content\/uploads\/2024\/06\/caso-loan.png","jetpack_sharing_enabled":true,"amp_enabled":true,"_links":{"self":[{"href":"https:\/\/portalmovil.com.ar\/index.php\/wp-json\/wp\/v2\/posts\/97142","targetHints":{"allow":["GET"]}}],"collection":[{"href":"https:\/\/portalmovil.com.ar\/index.php\/wp-json\/wp\/v2\/posts"}],"about":[{"href":"https:\/\/portalmovil.com.ar\/index.php\/wp-json\/wp\/v2\/types\/post"}],"author":[{"embeddable":true,"href":"https:\/\/portalmovil.com.ar\/index.php\/wp-json\/wp\/v2\/users\/6"}],"replies":[{"embeddable":true,"href":"https:\/\/portalmovil.com.ar\/index.php\/wp-json\/wp\/v2\/comments?post=97142"}],"version-history":[{"count":1,"href":"https:\/\/portalmovil.com.ar\/index.php\/wp-json\/wp\/v2\/posts\/97142\/revisions"}],"predecessor-version":[{"id":97145,"href":"https:\/\/portalmovil.com.ar\/index.php\/wp-json\/wp\/v2\/posts\/97142\/revisions\/97145"}],"wp:featuredmedia":[{"embeddable":true,"href":"https:\/\/portalmovil.com.ar\/index.php\/wp-json\/wp\/v2\/media\/97144"}],"wp:attachment":[{"href":"https:\/\/portalmovil.com.ar\/index.php\/wp-json\/wp\/v2\/media?parent=97142"}],"wp:term":[{"taxonomy":"category","embeddable":true,"href":"https:\/\/portalmovil.com.ar\/index.php\/wp-json\/wp\/v2\/categories?post=97142"},{"taxonomy":"post_tag","embeddable":true,"href":"https:\/\/portalmovil.com.ar\/index.php\/wp-json\/wp\/v2\/tags?post=97142"}],"curies":[{"name":"wp","href":"https:\/\/api.w.org\/{rel}","templated":true}]}}