{"id":97065,"date":"2024-06-26T15:31:46","date_gmt":"2024-06-26T18:31:46","guid":{"rendered":"https:\/\/portalmovil.com.ar\/?p=97065"},"modified":"2024-06-26T15:31:48","modified_gmt":"2024-06-26T18:31:48","slug":"uno-de-los-detenidos-por-el-caso-loan-sera-alojado-en-la-u7-de-resistencia","status":"publish","type":"post","link":"https:\/\/portalmovil.com.ar\/index.php\/2024\/06\/26\/uno-de-los-detenidos-por-el-caso-loan-sera-alojado-en-la-u7-de-resistencia\/","title":{"rendered":"Uno de los detenidos por el caso Loan, ser\u00e1 alojado en la U7 de Resistencia"},"content":{"rendered":"\n<p>Luego de que la fiscal\u00eda acusara a los detenidos de la desaparici\u00f3n de Loan Danilo Pe\u00f1a, por trata de personas, el caso pas\u00f3 a la Justicia Federal.<\/p>\n\n\n\n<h3 class=\"wp-block-heading\">Por ello,&nbsp;<strong>mientras realizan nuevos allanamientos en la localidad correntina de 9 de Julio, trasladan a los seis detenidos a c\u00e1rceles federales.<\/strong>&nbsp;<\/h3>\n\n\n\n<p><strong>Daniel \u00abFierrito\u00bb Ram\u00edrez ser\u00e1 enviado a la Unidad Regional Norte N\u00b07 del Servicio Penitenciario Federal de Resistencia, Chaco.<\/strong>\u00a0<\/p>\n\n\n\n<p><strong>M\u00f3nica del Carmen Millapi, Mar\u00eda Victoria Caillava, Antonio Benitez, Carlos P\u00e9rez y el comisario Walter Maciel, ir\u00e1n al Complejo Federal N\u00b0 3 de G\u00fcemes, en Salta.<\/strong><\/p>\n","protected":false},"excerpt":{"rendered":"<p>Luego de que la fiscal\u00eda acusara a los detenidos de la desaparici\u00f3n de Loan Danilo Pe\u00f1a, por trata de personas, el caso pas\u00f3 a la Justicia Federal. Por ello,&nbsp;mientras realizan nuevos allanamientos en la localidad correntina de 9 de Julio, trasladan a los seis detenidos a c\u00e1rceles federales.&nbsp; Daniel \u00abFierrito\u00bb Ram\u00edrez ser\u00e1 enviado a la &hellip;<\/p>\n","protected":false},"author":2,"featured_media":97066,"comment_status":"open","ping_status":"open","sticky":false,"template":"","format":"standard","meta":{"_jetpack_memberships_contains_paid_content":false,"footnotes":"","jetpack_publicize_message":"","jetpack_publicize_feature_enabled":true,"jetpack_social_post_already_shared":true,"jetpack_social_options":{"image_generator_settings":{"template":"highway","default_image_id":0,"font":"","enabled":false},"version":2}},"categories":[5,8],"tags":[],"class_list":["post-97065","post","type-post","status-publish","format-standard","has-post-thumbnail","hentry","category-chaco","category-policiales"],"jetpack_publicize_connections":[],"jetpack_featured_media_url":"https:\/\/portalmovil.com.ar\/wp-content\/uploads\/2024\/06\/189725w360h240.jpg","jetpack_sharing_enabled":true,"amp_enabled":true,"_links":{"self":[{"href":"https:\/\/portalmovil.com.ar\/index.php\/wp-json\/wp\/v2\/posts\/97065","targetHints":{"allow":["GET"]}}],"collection":[{"href":"https:\/\/portalmovil.com.ar\/index.php\/wp-json\/wp\/v2\/posts"}],"about":[{"href":"https:\/\/portalmovil.com.ar\/index.php\/wp-json\/wp\/v2\/types\/post"}],"author":[{"embeddable":true,"href":"https:\/\/portalmovil.com.ar\/index.php\/wp-json\/wp\/v2\/users\/2"}],"replies":[{"embeddable":true,"href":"https:\/\/portalmovil.com.ar\/index.php\/wp-json\/wp\/v2\/comments?post=97065"}],"version-history":[{"count":1,"href":"https:\/\/portalmovil.com.ar\/index.php\/wp-json\/wp\/v2\/posts\/97065\/revisions"}],"predecessor-version":[{"id":97067,"href":"https:\/\/portalmovil.com.ar\/index.php\/wp-json\/wp\/v2\/posts\/97065\/revisions\/97067"}],"wp:featuredmedia":[{"embeddable":true,"href":"https:\/\/portalmovil.com.ar\/index.php\/wp-json\/wp\/v2\/media\/97066"}],"wp:attachment":[{"href":"https:\/\/portalmovil.com.ar\/index.php\/wp-json\/wp\/v2\/media?parent=97065"}],"wp:term":[{"taxonomy":"category","embeddable":true,"href":"https:\/\/portalmovil.com.ar\/index.php\/wp-json\/wp\/v2\/categories?post=97065"},{"taxonomy":"post_tag","embeddable":true,"href":"https:\/\/portalmovil.com.ar\/index.php\/wp-json\/wp\/v2\/tags?post=97065"}],"curies":[{"name":"wp","href":"https:\/\/api.w.org\/{rel}","templated":true}]}}