{"id":97001,"date":"2024-06-25T19:01:05","date_gmt":"2024-06-25T22:01:05","guid":{"rendered":"https:\/\/portalmovil.com.ar\/?p=97001"},"modified":"2024-06-25T19:01:07","modified_gmt":"2024-06-25T22:01:07","slug":"fernando-burlando-finalmente-sera-el-abogado-de-la-familia-de-loan-se-perdieron-12-dias","status":"publish","type":"post","link":"https:\/\/portalmovil.com.ar\/index.php\/2024\/06\/25\/fernando-burlando-finalmente-sera-el-abogado-de-la-familia-de-loan-se-perdieron-12-dias\/","title":{"rendered":"Fernando Burlando finalmente ser\u00e1 el abogado de la familia de Loan: \u201cSe perdieron 12 d\u00edas\u201d"},"content":{"rendered":"\n<p>Tras varias idas y venida, finalmente Fernando Burlando ser\u00e1 el abogado de la familia de Loan, y entre este jueves y viernes viajar\u00e1 a Corrientes para asumir la representaci\u00f3n, seg\u00fan adelant\u00f3.<\/p>\n\n\n\n<p>\u00abSe perdieron 11 d\u00edas, no sirve perder el tiempo\u00bb, se lament\u00f3 el reconocido letrado, quien adem\u00e1s explic\u00f3 por qu\u00e9 hubo marchas y contramarchas: \u00abNo asum\u00ed antes porque hab\u00eda una diferencia de criterios y de tiempos. A nosotros se nos complicaba conjugar ideas si los profesionales que estaban a cargo no ten\u00edan acceso a la causa. Sin acceso a la causa era muy dif\u00edcil hacernos cargo\u00bb.<\/p>\n\n\n\n<p>\u00abSobre las personas que est\u00e1n detenidas, hay elementos de prueba que generan un estado de sospecha. Esta puede ser una buena orientaci\u00f3n, sin perjucio de que hay que terminar todos los caminos de investigaci\u00f3n, no puede quedar nada en el tintero\u00bb.<\/p>\n\n\n\n<p>En esa l\u00ednea, Burlando confirm\u00f3 que continuar\u00e1 la hip\u00f3tesis de la trata de personas, aunque no descarta las otras ideas e insisti\u00f3: \u00abHay que castigar a los culpables\u00bb.&nbsp;<\/p>\n\n\n\n<p>\u00abMi expectativa est\u00e1 depositada en que aparezca sano y salvo Loan. Me voy a aferrar a la esperanza de que est\u00e1 bien\u00bb, afirm\u00f3.&nbsp;<\/p>\n\n\n\n<p>Respecto a la familia, el abogado expres\u00f3: \u00abVeo a un sector que est\u00e1 angustiado. A Jos\u00e9 lo veo desbordado y desprotegido. Muchos miembros deben estar as\u00ed. Ah\u00ed veremos alg\u00fan tipo de actitud de cada uno de ellos\u00bb.<\/p>\n","protected":false},"excerpt":{"rendered":"<p>Tras varias idas y venida, finalmente Fernando Burlando ser\u00e1 el abogado de la familia de Loan, y entre este jueves y viernes viajar\u00e1 a Corrientes para asumir la representaci\u00f3n, seg\u00fan adelant\u00f3. \u00abSe perdieron 11 d\u00edas, no sirve perder el tiempo\u00bb, se lament\u00f3 el reconocido letrado, quien adem\u00e1s explic\u00f3 por qu\u00e9 hubo marchas y contramarchas: \u00abNo &hellip;<\/p>\n","protected":false},"author":2,"featured_media":97002,"comment_status":"open","ping_status":"open","sticky":false,"template":"","format":"standard","meta":{"_jetpack_memberships_contains_paid_content":false,"footnotes":"","jetpack_publicize_message":"","jetpack_publicize_feature_enabled":true,"jetpack_social_post_already_shared":true,"jetpack_social_options":{"image_generator_settings":{"template":"highway","default_image_id":0,"font":"","enabled":false},"version":2}},"categories":[639,50],"tags":[],"class_list":["post-97001","post","type-post","status-publish","format-standard","has-post-thumbnail","hentry","category-argentina","category-judiciales"],"jetpack_publicize_connections":[],"jetpack_featured_media_url":"https:\/\/portalmovil.com.ar\/wp-content\/uploads\/2024\/06\/WhatsApp-Image-2024-06-24-at-17.52.51.jpeg","jetpack_sharing_enabled":true,"amp_enabled":true,"_links":{"self":[{"href":"https:\/\/portalmovil.com.ar\/index.php\/wp-json\/wp\/v2\/posts\/97001","targetHints":{"allow":["GET"]}}],"collection":[{"href":"https:\/\/portalmovil.com.ar\/index.php\/wp-json\/wp\/v2\/posts"}],"about":[{"href":"https:\/\/portalmovil.com.ar\/index.php\/wp-json\/wp\/v2\/types\/post"}],"author":[{"embeddable":true,"href":"https:\/\/portalmovil.com.ar\/index.php\/wp-json\/wp\/v2\/users\/2"}],"replies":[{"embeddable":true,"href":"https:\/\/portalmovil.com.ar\/index.php\/wp-json\/wp\/v2\/comments?post=97001"}],"version-history":[{"count":1,"href":"https:\/\/portalmovil.com.ar\/index.php\/wp-json\/wp\/v2\/posts\/97001\/revisions"}],"predecessor-version":[{"id":97003,"href":"https:\/\/portalmovil.com.ar\/index.php\/wp-json\/wp\/v2\/posts\/97001\/revisions\/97003"}],"wp:featuredmedia":[{"embeddable":true,"href":"https:\/\/portalmovil.com.ar\/index.php\/wp-json\/wp\/v2\/media\/97002"}],"wp:attachment":[{"href":"https:\/\/portalmovil.com.ar\/index.php\/wp-json\/wp\/v2\/media?parent=97001"}],"wp:term":[{"taxonomy":"category","embeddable":true,"href":"https:\/\/portalmovil.com.ar\/index.php\/wp-json\/wp\/v2\/categories?post=97001"},{"taxonomy":"post_tag","embeddable":true,"href":"https:\/\/portalmovil.com.ar\/index.php\/wp-json\/wp\/v2\/tags?post=97001"}],"curies":[{"name":"wp","href":"https:\/\/api.w.org\/{rel}","templated":true}]}}