{"id":96695,"date":"2024-06-19T05:01:00","date_gmt":"2024-06-19T08:01:00","guid":{"rendered":"https:\/\/portalmovil.com.ar\/?p=96695"},"modified":"2024-06-19T17:08:50","modified_gmt":"2024-06-19T20:08:50","slug":"milei-viajara-a-francia-para-la-apertura-de-los-juegos-olimpicos","status":"publish","type":"post","link":"https:\/\/portalmovil.com.ar\/index.php\/2024\/06\/19\/milei-viajara-a-francia-para-la-apertura-de-los-juegos-olimpicos\/","title":{"rendered":"Milei viajar\u00e1 a Francia para la apertura de los Juegos Ol\u00edmpicos"},"content":{"rendered":"\n<p>El presidente argentino,&nbsp;<strong>Javier Milei, anunci\u00f3 que viajar\u00e1 a Par\u00eds para participar de la ceremonia de inauguraci\u00f3n de los Juegos Ol\u00edmpicos 2024<\/strong>&nbsp;que tendr\u00e1 lugar en la capital francesa el pr\u00f3ximo 26 de julio.<\/p>\n\n\n\n<p>Milei suma as\u00ed un nuevo viaje a Europa en su agenda, donde estar\u00e1 la pr\u00f3xima semana para recibir distintos premios del sector libertario.<\/p>\n\n\n\n<p>La invitaci\u00f3n fue recibida por el presidente libertario por parte de su par franc\u00e9s, Emmanuel Macron, durante la cumbre del G7 en Italia, d\u00edas atr\u00e1s. \u00abNos encontramos en un pasillo con Macron. Me invit\u00f3 de nuevo para ir a Par\u00eds, voy a ir a ver los Juegos Ol\u00edmpicos\u00bb, destac\u00f3 Milei.<\/p>\n\n\n\n<p><strong>Argentina tiene m\u00e1s de 100 deportistas clasificados para los Juegos Ol\u00edmpicos 2024 que volver\u00e1n a Par\u00eds luego de 100 a\u00f1os.&nbsp;<\/strong><\/p>\n\n\n\n<p>El presidente libertario formar\u00e1 parte de un evento que ser\u00e1 \u00fanico debido a que la ceremonia no se realizar\u00e1 en un estadio, como es habitual, sino que el escenario ser\u00e1 el emblem\u00e1tico r\u00edo Sena.<\/p>\n\n\n\n<p>Las delegaciones con los atletas desfilar\u00e1n en diferentes embarcaciones en un recorrido de aproximadamente seis kil\u00f3metros entre los puentes de Austerlitz e Iena.\u00a0<\/p>\n","protected":false},"excerpt":{"rendered":"<p>El presidente argentino,&nbsp;Javier Milei, anunci\u00f3 que viajar\u00e1 a Par\u00eds para participar de la ceremonia de inauguraci\u00f3n de los Juegos Ol\u00edmpicos 2024&nbsp;que tendr\u00e1 lugar en la capital francesa el pr\u00f3ximo 26 de julio. Milei suma as\u00ed un nuevo viaje a Europa en su agenda, donde estar\u00e1 la pr\u00f3xima semana para recibir distintos premios del sector libertario. &hellip;<\/p>\n","protected":false},"author":2,"featured_media":96696,"comment_status":"open","ping_status":"open","sticky":false,"template":"","format":"standard","meta":{"_jetpack_memberships_contains_paid_content":false,"footnotes":"","jetpack_publicize_message":"","jetpack_publicize_feature_enabled":true,"jetpack_social_post_already_shared":true,"jetpack_social_options":{"image_generator_settings":{"template":"highway","default_image_id":0,"font":"","enabled":false},"version":2}},"categories":[639,12],"tags":[],"class_list":["post-96695","post","type-post","status-publish","format-standard","has-post-thumbnail","hentry","category-argentina","category-ultimo"],"jetpack_publicize_connections":[],"jetpack_featured_media_url":"https:\/\/portalmovil.com.ar\/wp-content\/uploads\/2024\/06\/lg.jpg","jetpack_sharing_enabled":true,"amp_enabled":true,"_links":{"self":[{"href":"https:\/\/portalmovil.com.ar\/index.php\/wp-json\/wp\/v2\/posts\/96695","targetHints":{"allow":["GET"]}}],"collection":[{"href":"https:\/\/portalmovil.com.ar\/index.php\/wp-json\/wp\/v2\/posts"}],"about":[{"href":"https:\/\/portalmovil.com.ar\/index.php\/wp-json\/wp\/v2\/types\/post"}],"author":[{"embeddable":true,"href":"https:\/\/portalmovil.com.ar\/index.php\/wp-json\/wp\/v2\/users\/2"}],"replies":[{"embeddable":true,"href":"https:\/\/portalmovil.com.ar\/index.php\/wp-json\/wp\/v2\/comments?post=96695"}],"version-history":[{"count":1,"href":"https:\/\/portalmovil.com.ar\/index.php\/wp-json\/wp\/v2\/posts\/96695\/revisions"}],"predecessor-version":[{"id":96697,"href":"https:\/\/portalmovil.com.ar\/index.php\/wp-json\/wp\/v2\/posts\/96695\/revisions\/96697"}],"wp:featuredmedia":[{"embeddable":true,"href":"https:\/\/portalmovil.com.ar\/index.php\/wp-json\/wp\/v2\/media\/96696"}],"wp:attachment":[{"href":"https:\/\/portalmovil.com.ar\/index.php\/wp-json\/wp\/v2\/media?parent=96695"}],"wp:term":[{"taxonomy":"category","embeddable":true,"href":"https:\/\/portalmovil.com.ar\/index.php\/wp-json\/wp\/v2\/categories?post=96695"},{"taxonomy":"post_tag","embeddable":true,"href":"https:\/\/portalmovil.com.ar\/index.php\/wp-json\/wp\/v2\/tags?post=96695"}],"curies":[{"name":"wp","href":"https:\/\/api.w.org\/{rel}","templated":true}]}}