{"id":96635,"date":"2024-06-18T03:25:00","date_gmt":"2024-06-18T06:25:00","guid":{"rendered":"https:\/\/portalmovil.com.ar\/?p=96635"},"modified":"2024-06-18T15:28:48","modified_gmt":"2024-06-18T18:28:48","slug":"zdero-habilito-29-nuevas-viviendas-en-barranqueras","status":"publish","type":"post","link":"https:\/\/portalmovil.com.ar\/index.php\/2024\/06\/18\/zdero-habilito-29-nuevas-viviendas-en-barranqueras\/","title":{"rendered":"Zdero habilit\u00f3 29 nuevas viviendas en Barranqueras"},"content":{"rendered":"\n<p><strong>El gobernador Leandro Zdero habilit\u00f3, este martes, en Barranqueras, las obras complementarias que faltaban en el Barrio 29 Viviendas . \u201cHemos decidido emprender un camino de encuentro, de di\u00e1logo para poder encontrar las soluciones que tantos chaque\u00f1os est\u00e1n esperando\u201d, expres\u00f3 el primer mandatario provincial.<\/strong><\/p>\n\n\n\n<p><br>Las 29 viviendas se entregaron en setiembre pasado, pero estaban inhabitables por falta de servicios. Es as\u00ed que, desde diciembre, el Instituto de Desarrollo Urbano y Vivienda (IPDUV) trabaj\u00f3 en el lugar realizando lo que faltaba: redes de agua potable, cloacas, energ\u00eda el\u00e9ctrica, vehiculares, desag\u00fces pluviales y veredas peatonales. Por una inversi\u00f3n de 6 millones de pesos por lote de intervenci\u00f3n de infraestructura. Son del tipo est\u00e1ndar Prototipo L10, cada una con una superficie de 64.00 m\u00b2, cuentan con dos dormitorios, estar-comedor, cocina, ba\u00f1o y lavadero. <\/p>\n\n\n\n<p>Las infraestructuras complementarias que se lograron disponer a los vecinos, incluyen una red el\u00e9ctrica de baja tensi\u00f3n con alumbrado p\u00fablico, una red de agua potable, desag\u00fces pluviales, redes peatonales y vehiculares, y la apertura y perfilado de calles con ripio.<br>Zdero se\u00f1al\u00f3 que el sue\u00f1o de la casa propia que se materializa, en esta ocasi\u00f3n, de una manera especial, ya que les entregaron las casas pero no la pod\u00edan habitar. \u201cHab\u00eda que terminarlas, pero primero tuvimos que ordenar el instituto\u201d, explic\u00f3 y asegur\u00f3 que de esa manera se podr\u00e1n terminar muchas viviendas que en toda la provincia, \u201cpara que la gente cuando acceder tenga los servicios necesarios\u201d.<\/p>\n\n\n\n<figure class=\"wp-block-image size-large\"><img loading=\"lazy\" decoding=\"async\" width=\"1024\" height=\"768\" src=\"https:\/\/portalmovil.com.ar\/wp-content\/uploads\/2024\/06\/IMG_20240618_102624041_HDR-1024x768.jpg\" alt=\"\" class=\"wp-image-96636\" srcset=\"https:\/\/portalmovil.com.ar\/wp-content\/uploads\/2024\/06\/IMG_20240618_102624041_HDR-1024x768.jpg 1024w, https:\/\/portalmovil.com.ar\/wp-content\/uploads\/2024\/06\/IMG_20240618_102624041_HDR-300x225.jpg 300w, https:\/\/portalmovil.com.ar\/wp-content\/uploads\/2024\/06\/IMG_20240618_102624041_HDR-768x576.jpg 768w, https:\/\/portalmovil.com.ar\/wp-content\/uploads\/2024\/06\/IMG_20240618_102624041_HDR-1536x1152.jpg 1536w, https:\/\/portalmovil.com.ar\/wp-content\/uploads\/2024\/06\/IMG_20240618_102624041_HDR-2048x1536.jpg 2048w\" sizes=\"auto, (max-width: 1024px) 100vw, 1024px\" \/><\/figure>\n\n\n\n<p><br>Adem\u00e1s celebr\u00f3 poder concretar la entrega de las viviendas, \u201csignifica el esfuerzo de muchos chaque\u00f1os, de quienes pagan d\u00eda a d\u00eda sus cuotas del instituto para que podamos avanzar en otras unidades habitacionales\u201d, se\u00f1al\u00f3 y reafirm\u00f3 el compromiso de que cada vez se comienza una obra se terminar\u00e1 para despu\u00e9s reci\u00e9n entregarla.<\/p>\n","protected":false},"excerpt":{"rendered":"<p>El gobernador Leandro Zdero habilit\u00f3, este martes, en Barranqueras, las obras complementarias que faltaban en el Barrio 29 Viviendas . \u201cHemos decidido emprender un camino de encuentro, de di\u00e1logo para poder encontrar las soluciones que tantos chaque\u00f1os est\u00e1n esperando\u201d, expres\u00f3 el primer mandatario provincial. Las 29 viviendas se entregaron en setiembre pasado, pero estaban inhabitables &hellip;<\/p>\n","protected":false},"author":2,"featured_media":96637,"comment_status":"open","ping_status":"open","sticky":false,"template":"","format":"standard","meta":{"_jetpack_memberships_contains_paid_content":false,"footnotes":"","jetpack_publicize_message":"","jetpack_publicize_feature_enabled":true,"jetpack_social_post_already_shared":true,"jetpack_social_options":{"image_generator_settings":{"template":"highway","default_image_id":0,"font":"","enabled":false},"version":2}},"categories":[5,14,12],"tags":[],"class_list":["post-96635","post","type-post","status-publish","format-standard","has-post-thumbnail","hentry","category-chaco","category-politica","category-ultimo"],"jetpack_publicize_connections":[],"jetpack_featured_media_url":"https:\/\/portalmovil.com.ar\/wp-content\/uploads\/2024\/06\/FB_IMG_1718733497987.jpg","jetpack_sharing_enabled":true,"amp_enabled":true,"_links":{"self":[{"href":"https:\/\/portalmovil.com.ar\/index.php\/wp-json\/wp\/v2\/posts\/96635","targetHints":{"allow":["GET"]}}],"collection":[{"href":"https:\/\/portalmovil.com.ar\/index.php\/wp-json\/wp\/v2\/posts"}],"about":[{"href":"https:\/\/portalmovil.com.ar\/index.php\/wp-json\/wp\/v2\/types\/post"}],"author":[{"embeddable":true,"href":"https:\/\/portalmovil.com.ar\/index.php\/wp-json\/wp\/v2\/users\/2"}],"replies":[{"embeddable":true,"href":"https:\/\/portalmovil.com.ar\/index.php\/wp-json\/wp\/v2\/comments?post=96635"}],"version-history":[{"count":1,"href":"https:\/\/portalmovil.com.ar\/index.php\/wp-json\/wp\/v2\/posts\/96635\/revisions"}],"predecessor-version":[{"id":96638,"href":"https:\/\/portalmovil.com.ar\/index.php\/wp-json\/wp\/v2\/posts\/96635\/revisions\/96638"}],"wp:featuredmedia":[{"embeddable":true,"href":"https:\/\/portalmovil.com.ar\/index.php\/wp-json\/wp\/v2\/media\/96637"}],"wp:attachment":[{"href":"https:\/\/portalmovil.com.ar\/index.php\/wp-json\/wp\/v2\/media?parent=96635"}],"wp:term":[{"taxonomy":"category","embeddable":true,"href":"https:\/\/portalmovil.com.ar\/index.php\/wp-json\/wp\/v2\/categories?post=96635"},{"taxonomy":"post_tag","embeddable":true,"href":"https:\/\/portalmovil.com.ar\/index.php\/wp-json\/wp\/v2\/tags?post=96635"}],"curies":[{"name":"wp","href":"https:\/\/api.w.org\/{rel}","templated":true}]}}