{"id":963,"date":"2020-01-27T11:03:59","date_gmt":"2020-01-27T14:03:59","guid":{"rendered":"http:\/\/portalmovil.com.ar\/?p=963"},"modified":"2020-01-27T11:16:46","modified_gmt":"2020-01-27T14:16:46","slug":"duran-barba-dijo-que-cristina-fernandez-es-la-mujer-mas-brillante-de-la-argentina","status":"publish","type":"post","link":"https:\/\/portalmovil.com.ar\/index.php\/2020\/01\/27\/duran-barba-dijo-que-cristina-fernandez-es-la-mujer-mas-brillante-de-la-argentina\/","title":{"rendered":"Dur\u00e1n Barba dijo que Cristina Fern\u00e1ndez es la mujer m\u00e1s brillante de la Argentina"},"content":{"rendered":"<p>El consultor<b>&nbsp;Jaime Dur\u00e1n Barba<\/b>&nbsp;consider\u00f3 que Mauricio&nbsp;<b>Macri \u201cya fue<\/b>\u201d y asegur\u00f3 que \u201cnunca\u201d le recomend\u00f3 al ex presidente polarizar con&nbsp;<b>Cristina<\/b>&nbsp;Fern\u00e1ndez de Kirchner, a la que calific\u00f3 como&nbsp;<b>\u201cla mujer m\u00e1s brillante de la historia argentina<\/b>\u201d. En una entrevista, el ecuatoriano se despach\u00f3 con una serie de consideraciones entre el sinceramiento y la provocaci\u00f3n.&nbsp;<b>Se\u00f1al\u00f3 que para Macri lo ideal hubiera sido confrontar con Roberto Lavagna, pero nunca con ella que \u201cera la dirigente de la oposici\u00f3n m\u00e1s popular y poderosa\u201d .<\/b>&nbsp;\u201cCristina ha sido dos veces presidente, ha sido senadora, ha sido todo lo imaginable, ha permanecido en el poder 20 a\u00f1os, tambi\u00e9n diez a\u00f1os en Santa Cruz y no es como Isabelita, que lleg\u00f3 por ser la mujer de Per\u00f3n. Esta tiene sus propios valores\u201d, remarc\u00f3. .<\/p>\n<p>Dur\u00e1n Barba asegur\u00f3 tambi\u00e9n que \u00e9l&nbsp;<b>se opuso al ajuste.&nbsp;<\/b>Si bien se describi\u00f3 como una persona que no sabe nada de econom\u00eda, dijo que estuvo en contra de implementarlo porque consideraba que iba a&nbsp;<b>\u201ccostarles el gobierno\u201d.<\/b><\/p>\n<div id=\"talkFireEvent\"><\/div>\n<p>\u201cCuando subimos al gobierno,&nbsp;<b>Melconian present\u00f3 el plan de ajuste tota<\/b>l. \u201cAqu\u00ed ajustamos todo, bajamos los salarios a la mitad, botamos a los tipos del seguro social y la Argentina funciona\u201d. \u00a1Claro! \u00a1Funciona sin nosotros!<b>&nbsp;\u00a1Nos botan por la ventana al mes!<\/b>&nbsp;<b>Me opuse a muerte. Por eso Melconian tambi\u00e9n me tiene bronca\u201d<\/b>, dijo.<\/p>\n<p>Las declaraciones fueron parte de un reportaje realizado por el periodista Diego Genoud para Letra P, tras regresar a Buenos Aires, que Dur\u00e1n Barba dice no va a abandonar. En estos d\u00edas, con todo, viaj\u00f3 para acordar con una editorial la publicaci\u00f3n de un libro de su autor\u00eda sobre la historia del macrismo, fuerza pol\u00edtica que lleg\u00f3 al poder por sus oficios. El consultor le di\u00f3&nbsp;<b>pocas chances a que Macri puede regresar a la pol\u00edtica, aunque indic\u00f3 que si se considera la hecatombe econ\u00f3mica que hubo\u201d, el ex presidente \u201ctuvo un resultado electoral muy bueno<\/b>\u201d.<\/p>\n<p>Tambi\u00e9n admiti\u00f3 que haber subvalorado la capacidad de resistencia a las pol\u00edticas de Cambiemos, que atribuy\u00f3 sin mayor detalle a \u201cla gran corriente conservadora\u201d que maneja \u201clos sindicatos, los piqueteros\u201d y a parte de \u201cla iglesia\u201d. \u201cEllos quer\u00edan derribar a Macri desde el primer d\u00eda. Ten\u00edan todo el juego del helic\u00f3ptero. Macri hizo la reforma previsional, toneladas de piedra, parec\u00eda que se acababa el mundo\u201d. El ecuatoriano le atribuy\u00f3 a Cristina Kichner \u201cla orientaci\u00f3n de esos grupos\u201d, y sostuvo que por eso \u00e9l recomendaba \u201chacer un pacto nacional\u201d.<\/p>\n<p>En cambio, agreg\u00f3, dentro de Cambiemos \u201calgunos\u201d planteaban una estrategia bien distinta: seg\u00fan Dur\u00e1n Barba, hab\u00eda quienes propon\u00edan \u201c\u2018ampliemos la base del gobierno, nos conseguimos cuatro peronistas m\u00e1s, metemos presa a Cristina, destru\u00edmos al peronismo y cambiamos el pa\u00eds\u2019\u201d.<\/p>\n<p>\u201cHab\u00eda un ambiente de ese estilo\u201d, remarc\u00f3, para el que \u201campliar la base pol\u00edtica nunca signific\u00f3 dialogar con Cristina\u201d sino \u201ccomprar cuatro diputados m\u00e1s y hacer mayor\u00eda\u201d. En esta postura puso al ex titular de la C\u00e1mara de Diputados, Emilio Monz\u00f3.<\/p>\n<p>\u201cMacri hizo lo que pudo, no daba para m\u00e1s. El pa\u00eds no daba para m\u00e1s. Hubo optimismo en pensar que era m\u00e1s f\u00e1cil hacerlo. Pero no es un pa\u00eds normal este, es corporativista y hay corporaciones con enormes intereses: sindicatos, empresas, la iglesia, organizaciones que tienen negocios\u201d, argument\u00f3.<\/p>\n","protected":false},"excerpt":{"rendered":"<p>El consultor&nbsp;Jaime Dur\u00e1n Barba&nbsp;consider\u00f3 que Mauricio&nbsp;Macri \u201cya fue\u201d y asegur\u00f3 que \u201cnunca\u201d le recomend\u00f3 al ex presidente polarizar con&nbsp;Cristina&nbsp;Fern\u00e1ndez de Kirchner, a la que calific\u00f3 como&nbsp;\u201cla mujer m\u00e1s brillante de la historia argentina\u201d. En una entrevista, el ecuatoriano se despach\u00f3 con una serie de consideraciones entre el sinceramiento y la provocaci\u00f3n.&nbsp;Se\u00f1al\u00f3 que para Macri lo &hellip;<\/p>\n","protected":false},"author":2,"featured_media":964,"comment_status":"open","ping_status":"open","sticky":false,"template":"","format":"standard","meta":{"_jetpack_memberships_contains_paid_content":false,"footnotes":"","jetpack_publicize_message":"","jetpack_publicize_feature_enabled":true,"jetpack_social_post_already_shared":true,"jetpack_social_options":{"image_generator_settings":{"template":"highway","default_image_id":0,"font":"","enabled":false},"version":2}},"categories":[14,12],"tags":[],"class_list":["post-963","post","type-post","status-publish","format-standard","has-post-thumbnail","hentry","category-politica","category-ultimo"],"jetpack_publicize_connections":[],"jetpack_featured_media_url":"https:\/\/portalmovil.com.ar\/wp-content\/uploads\/2020\/01\/136169_1559166220.jpg","jetpack_sharing_enabled":true,"amp_enabled":true,"_links":{"self":[{"href":"https:\/\/portalmovil.com.ar\/index.php\/wp-json\/wp\/v2\/posts\/963","targetHints":{"allow":["GET"]}}],"collection":[{"href":"https:\/\/portalmovil.com.ar\/index.php\/wp-json\/wp\/v2\/posts"}],"about":[{"href":"https:\/\/portalmovil.com.ar\/index.php\/wp-json\/wp\/v2\/types\/post"}],"author":[{"embeddable":true,"href":"https:\/\/portalmovil.com.ar\/index.php\/wp-json\/wp\/v2\/users\/2"}],"replies":[{"embeddable":true,"href":"https:\/\/portalmovil.com.ar\/index.php\/wp-json\/wp\/v2\/comments?post=963"}],"version-history":[{"count":2,"href":"https:\/\/portalmovil.com.ar\/index.php\/wp-json\/wp\/v2\/posts\/963\/revisions"}],"predecessor-version":[{"id":966,"href":"https:\/\/portalmovil.com.ar\/index.php\/wp-json\/wp\/v2\/posts\/963\/revisions\/966"}],"wp:featuredmedia":[{"embeddable":true,"href":"https:\/\/portalmovil.com.ar\/index.php\/wp-json\/wp\/v2\/media\/964"}],"wp:attachment":[{"href":"https:\/\/portalmovil.com.ar\/index.php\/wp-json\/wp\/v2\/media?parent=963"}],"wp:term":[{"taxonomy":"category","embeddable":true,"href":"https:\/\/portalmovil.com.ar\/index.php\/wp-json\/wp\/v2\/categories?post=963"},{"taxonomy":"post_tag","embeddable":true,"href":"https:\/\/portalmovil.com.ar\/index.php\/wp-json\/wp\/v2\/tags?post=963"}],"curies":[{"name":"wp","href":"https:\/\/api.w.org\/{rel}","templated":true}]}}