{"id":96202,"date":"2024-06-07T08:41:10","date_gmt":"2024-06-07T11:41:10","guid":{"rendered":"https:\/\/portalmovil.com.ar\/?p=96202"},"modified":"2024-06-07T08:41:12","modified_gmt":"2024-06-07T11:41:12","slug":"anunciaron-el-cierre-definitivo-del-ex-ministerio-de-mujeres","status":"publish","type":"post","link":"https:\/\/portalmovil.com.ar\/index.php\/2024\/06\/07\/anunciaron-el-cierre-definitivo-del-ex-ministerio-de-mujeres\/","title":{"rendered":"Anunciaron el \u00abcierre definitivo\u00bb del ex Ministerio de Mujeres"},"content":{"rendered":"\n<h3 class=\"wp-block-heading\"><strong>Este jueves por la noche, el Gobierno nacional confirm\u00f3 el cierre del Ministerio de la Mujer, alegando que \u00abninguna de sus acciones concluy\u00f3 en la baja del \u00edndice del delito\u00bb.<\/strong>&nbsp;<\/h3>\n\n\n\n<p>Mediante un comunicado oficial, difundido por el vocero Manuel Adorni, se confirm\u00f3 que\u00a0<strong>\u00abse resolvi\u00f3 su eliminaci\u00f3n definitiva\u00bb.<\/strong><\/p>\n\n\n\n<p><strong>El Gobierno argumenta que \u00abeste organismo fue creado y utilizado por la administraci\u00f3n anterior con fines pol\u00edtico partidarios, para propagar e imponer una agenda ideol\u00f3gica, contratar militantes, y organizar charlas y eventos\u00bb.<\/strong><\/p>\n\n\n\n<p>Fundamenta, adem\u00e1s, que el ex Ministerio aplicaba un<strong>&nbsp;\u00absesgo ideol\u00f3gico en la defensa discriminatoria de las v\u00edctimas\u00bb.<\/strong><\/p>\n\n\n\n<p>Asimismo, abogaron que mantener esta \u00e1rea supon\u00eda \u00abun sobre mantenimiento de edificios, estructuras y m\u00e1s de 800 empleados, con distintos sueldos\u00bb. \u00abDinero que al Estado argentino no le sobra\u00bb, agregaron.<\/p>\n","protected":false},"excerpt":{"rendered":"<p>Este jueves por la noche, el Gobierno nacional confirm\u00f3 el cierre del Ministerio de la Mujer, alegando que \u00abninguna de sus acciones concluy\u00f3 en la baja del \u00edndice del delito\u00bb.&nbsp; Mediante un comunicado oficial, difundido por el vocero Manuel Adorni, se confirm\u00f3 que\u00a0\u00abse resolvi\u00f3 su eliminaci\u00f3n definitiva\u00bb. El Gobierno argumenta que \u00abeste organismo fue creado &hellip;<\/p>\n","protected":false},"author":2,"featured_media":68907,"comment_status":"open","ping_status":"open","sticky":false,"template":"","format":"standard","meta":{"_jetpack_memberships_contains_paid_content":false,"footnotes":"","jetpack_publicize_message":"","jetpack_publicize_feature_enabled":true,"jetpack_social_post_already_shared":true,"jetpack_social_options":{"image_generator_settings":{"template":"highway","default_image_id":0,"font":"","enabled":false},"version":2}},"categories":[639,14],"tags":[],"class_list":["post-96202","post","type-post","status-publish","format-standard","has-post-thumbnail","hentry","category-argentina","category-politica"],"jetpack_publicize_connections":[],"jetpack_featured_media_url":"https:\/\/portalmovil.com.ar\/wp-content\/uploads\/2022\/12\/4bece53f-cb09-4395-8332-a74ead4fe613.jpg","jetpack_sharing_enabled":true,"amp_enabled":true,"_links":{"self":[{"href":"https:\/\/portalmovil.com.ar\/index.php\/wp-json\/wp\/v2\/posts\/96202","targetHints":{"allow":["GET"]}}],"collection":[{"href":"https:\/\/portalmovil.com.ar\/index.php\/wp-json\/wp\/v2\/posts"}],"about":[{"href":"https:\/\/portalmovil.com.ar\/index.php\/wp-json\/wp\/v2\/types\/post"}],"author":[{"embeddable":true,"href":"https:\/\/portalmovil.com.ar\/index.php\/wp-json\/wp\/v2\/users\/2"}],"replies":[{"embeddable":true,"href":"https:\/\/portalmovil.com.ar\/index.php\/wp-json\/wp\/v2\/comments?post=96202"}],"version-history":[{"count":1,"href":"https:\/\/portalmovil.com.ar\/index.php\/wp-json\/wp\/v2\/posts\/96202\/revisions"}],"predecessor-version":[{"id":96203,"href":"https:\/\/portalmovil.com.ar\/index.php\/wp-json\/wp\/v2\/posts\/96202\/revisions\/96203"}],"wp:featuredmedia":[{"embeddable":true,"href":"https:\/\/portalmovil.com.ar\/index.php\/wp-json\/wp\/v2\/media\/68907"}],"wp:attachment":[{"href":"https:\/\/portalmovil.com.ar\/index.php\/wp-json\/wp\/v2\/media?parent=96202"}],"wp:term":[{"taxonomy":"category","embeddable":true,"href":"https:\/\/portalmovil.com.ar\/index.php\/wp-json\/wp\/v2\/categories?post=96202"},{"taxonomy":"post_tag","embeddable":true,"href":"https:\/\/portalmovil.com.ar\/index.php\/wp-json\/wp\/v2\/tags?post=96202"}],"curies":[{"name":"wp","href":"https:\/\/api.w.org\/{rel}","templated":true}]}}