{"id":96073,"date":"2024-06-04T23:38:55","date_gmt":"2024-06-05T02:38:55","guid":{"rendered":"https:\/\/portalmovil.com.ar\/?p=96073"},"modified":"2024-06-04T23:38:58","modified_gmt":"2024-06-05T02:38:58","slug":"otro-exrugbier-que-decidio-hablar-yo-se-que-no-mate-a-fernando","status":"publish","type":"post","link":"https:\/\/portalmovil.com.ar\/index.php\/2024\/06\/04\/otro-exrugbier-que-decidio-hablar-yo-se-que-no-mate-a-fernando\/","title":{"rendered":"Otro exrugbier que decidi\u00f3 hablar: \u00abYo s\u00e9 que no mat\u00e9 a Fernando\u00bb"},"content":{"rendered":"\n<p>Tras la reciente entrevista que brind\u00f3\u00a0<strong>M\u00e1ximo Thomsen<\/strong>\u00a0sobre el crimen de\u00a0<strong>Fernando B\u00e1ez Sosa<\/strong>, otro de los rugbiers que se encuentran condenados por el asesinato,\u00a0<strong>Mat\u00edas Benicelli<\/strong>, difundi\u00f3 una carta desde la c\u00e1rcel en donde se diferenci\u00f3 de su amigo y pareci\u00f3 terminar de romper con el pacto de silencio que llevaban a cabo.<\/p>\n\n\n\n<p><strong>\u201cSiento m\u00e1s la muerte de Fernando que mi propia existencia\u201d<\/strong>, dijo Benicelli en la misiva que le envi\u00f3 desde el penal al periodista Diego Est\u00e9vez, quien la difundi\u00f3 en\u00a0<em>A24<\/em>.<\/p>\n\n\n\n<p>El joven se despeg\u00f3 de Thomsen y asegur\u00f3 que no todos los que estuvieron la noche del crimen fueron asesinos. Incluso&nbsp;<strong>sostuvo que hubo un \u00abpelot\u00f3n de fusilamiento que a patadas sesg\u00f3 la vida de Fernando\u00bb<\/strong>.<\/p>\n\n\n\n<p>\u201cNi fui uno de los que sal\u00edan a buscar peleas por Z\u00e1rate con otros grupos para jactarme de esas supuestas haza\u00f1as. Estuve en el lugar y momento equivocado. Porque fui de vacaciones a Villa Gesell con un grupo de 9 personas. Y las causas que no justifico y los actos de algunos que nunca termin\u00e9 de entender, terminaron absurdamente con una vida de un adolescente de 20 a\u00f1os\u201d, expres\u00f3 Benicelli.<\/p>\n\n\n\n<h2 class=\"wp-block-heading\">La carta completa de Mat\u00edas Benicelli<\/h2>\n\n\n\n<p><em>\u00abQuerido Diego. Te agradezco la posibilidad de decir lo que no puedo, porque no tengo medios m\u00e1s que lo que escribo, para que<strong>&nbsp;sepas que siento m\u00e1s la muerte de Fernando que mi propia existencia.<\/strong><\/em><\/p>\n\n\n\n<p><em>Y no hay palabras para decir el dolor que me causa su ausencia. Sin el consuelo de su presencia en este mundo, solo me queda la esperanza de que est\u00e9 junto a Dios ilumin\u00e1ndonos el camino.<\/em><\/p>\n\n\n\n<p><em>Tengo una hermana mayor que es preciosa y un hermano menor de 17 a\u00f1os a quienes quiero y extra\u00f1o cada d\u00eda, una mam\u00e1 amorosa y un padre que es mi ejemplo de trabajo, de esfuerzo y de dignidad de vida. Con ellos aprend\u00ed el valor de la familia, a creer en Dios y a sostener valores que hoy, m\u00e1s que nunca, me sostienen en la prisi\u00f3n en la que estoy.<\/em><\/p>\n\n\n\n<p><em>Nunca fui parte de un pelot\u00f3n de fusilamiento que a patadas sesg\u00f3 la vida de Fernando. Ni fui uno de los que sal\u00edan a buscar peleas por Z\u00e1rate con otros grupos para jactarme de esas supuestas haza\u00f1as.<strong>&nbsp;Estuve en el lugar y momento equivocado.&nbsp;<\/strong>Porque fui de vacaciones a Villa Gesell con un grupo de 9 personas. Y las causas que no justifico y los actos de algunos que nunca termin\u00e9 de entender, terminaron absurdamente con una vida de un adolescente de 20 a\u00f1os. La misma edad que yo ten\u00eda.<\/em><\/p>\n\n\n\n<p><strong><em>Por eso entiendo a los jueces que me condenaron y sobre todo comprendo y justifico a los padres de Fernando. Porque ellos creen que todos los que estuvimos aquella noche fuimos sus asesinos.<\/em><\/strong><em>\u00ab<\/em>.<\/p>\n","protected":false},"excerpt":{"rendered":"<p>Tras la reciente entrevista que brind\u00f3\u00a0M\u00e1ximo Thomsen\u00a0sobre el crimen de\u00a0Fernando B\u00e1ez Sosa, otro de los rugbiers que se encuentran condenados por el asesinato,\u00a0Mat\u00edas Benicelli, difundi\u00f3 una carta desde la c\u00e1rcel en donde se diferenci\u00f3 de su amigo y pareci\u00f3 terminar de romper con el pacto de silencio que llevaban a cabo. \u201cSiento m\u00e1s la muerte &hellip;<\/p>\n","protected":false},"author":2,"featured_media":96074,"comment_status":"open","ping_status":"open","sticky":false,"template":"","format":"standard","meta":{"_jetpack_memberships_contains_paid_content":false,"footnotes":"","jetpack_publicize_message":"","jetpack_publicize_feature_enabled":true,"jetpack_social_post_already_shared":true,"jetpack_social_options":{"image_generator_settings":{"template":"highway","default_image_id":0,"font":"","enabled":false},"version":2}},"categories":[639,50],"tags":[],"class_list":["post-96073","post","type-post","status-publish","format-standard","has-post-thumbnail","hentry","category-argentina","category-judiciales"],"jetpack_publicize_connections":[],"jetpack_featured_media_url":"https:\/\/portalmovil.com.ar\/wp-content\/uploads\/2024\/06\/maximo-thomsen-marias-benicelli.jpg","jetpack_sharing_enabled":true,"amp_enabled":true,"_links":{"self":[{"href":"https:\/\/portalmovil.com.ar\/index.php\/wp-json\/wp\/v2\/posts\/96073","targetHints":{"allow":["GET"]}}],"collection":[{"href":"https:\/\/portalmovil.com.ar\/index.php\/wp-json\/wp\/v2\/posts"}],"about":[{"href":"https:\/\/portalmovil.com.ar\/index.php\/wp-json\/wp\/v2\/types\/post"}],"author":[{"embeddable":true,"href":"https:\/\/portalmovil.com.ar\/index.php\/wp-json\/wp\/v2\/users\/2"}],"replies":[{"embeddable":true,"href":"https:\/\/portalmovil.com.ar\/index.php\/wp-json\/wp\/v2\/comments?post=96073"}],"version-history":[{"count":1,"href":"https:\/\/portalmovil.com.ar\/index.php\/wp-json\/wp\/v2\/posts\/96073\/revisions"}],"predecessor-version":[{"id":96075,"href":"https:\/\/portalmovil.com.ar\/index.php\/wp-json\/wp\/v2\/posts\/96073\/revisions\/96075"}],"wp:featuredmedia":[{"embeddable":true,"href":"https:\/\/portalmovil.com.ar\/index.php\/wp-json\/wp\/v2\/media\/96074"}],"wp:attachment":[{"href":"https:\/\/portalmovil.com.ar\/index.php\/wp-json\/wp\/v2\/media?parent=96073"}],"wp:term":[{"taxonomy":"category","embeddable":true,"href":"https:\/\/portalmovil.com.ar\/index.php\/wp-json\/wp\/v2\/categories?post=96073"},{"taxonomy":"post_tag","embeddable":true,"href":"https:\/\/portalmovil.com.ar\/index.php\/wp-json\/wp\/v2\/tags?post=96073"}],"curies":[{"name":"wp","href":"https:\/\/api.w.org\/{rel}","templated":true}]}}