{"id":95768,"date":"2024-05-30T16:41:26","date_gmt":"2024-05-30T19:41:26","guid":{"rendered":"https:\/\/portalmovil.com.ar\/?p=95768"},"modified":"2024-05-30T16:41:29","modified_gmt":"2024-05-30T19:41:29","slug":"la-justicia-libero-a-uno-de-los-detenidos-sospechados-por-la-muerte-de-romina-karban","status":"publish","type":"post","link":"https:\/\/portalmovil.com.ar\/index.php\/2024\/05\/30\/la-justicia-libero-a-uno-de-los-detenidos-sospechados-por-la-muerte-de-romina-karban\/","title":{"rendered":"La justicia liber\u00f3 a uno de los detenidos sospechados por la muerte de Romina Karban"},"content":{"rendered":"\n<p>Tun\u00edn\u00bb Gonz\u00e1lez, el agricultor con el que Renzo Karban, hermano de Romina, habr\u00eda mantenido contacto para la supuesta compra de un arma de fuego, qued\u00f3 en libertad.<\/p>\n\n\n\n<p>El hombre, presuntamente vinculado a la venta clandestina de armas de fuego, declar\u00f3 este jueves en la Divisi\u00f3n Investigaciones Complejas de S\u00e1enz Pe\u00f1a y luego qued\u00f3 en libertad.<\/p>\n\n\n\n<p>De acuerdo a la informaci\u00f3n a la que tuvo acceso este medio\u00a0, la fiscal\u00eda eval\u00faa la imputaci\u00f3n contra Renzo Karban, que podr\u00eda ser \u00abhomicidio agravado por el uso de arma de fuego y alevos\u00eda\u00bb.<\/p>\n","protected":false},"excerpt":{"rendered":"<p>Tun\u00edn\u00bb Gonz\u00e1lez, el agricultor con el que Renzo Karban, hermano de Romina, habr\u00eda mantenido contacto para la supuesta compra de un arma de fuego, qued\u00f3 en libertad. El hombre, presuntamente vinculado a la venta clandestina de armas de fuego, declar\u00f3 este jueves en la Divisi\u00f3n Investigaciones Complejas de S\u00e1enz Pe\u00f1a y luego qued\u00f3 en libertad. &hellip;<\/p>\n","protected":false},"author":2,"featured_media":95770,"comment_status":"open","ping_status":"open","sticky":false,"template":"","format":"standard","meta":{"_jetpack_memberships_contains_paid_content":false,"footnotes":"","jetpack_publicize_message":"","jetpack_publicize_feature_enabled":true,"jetpack_social_post_already_shared":true,"jetpack_social_options":{"image_generator_settings":{"template":"highway","default_image_id":0,"font":"","enabled":false},"version":2}},"categories":[5,50],"tags":[],"class_list":["post-95768","post","type-post","status-publish","format-standard","has-post-thumbnail","hentry","category-chaco","category-judiciales"],"jetpack_publicize_connections":[],"jetpack_featured_media_url":"https:\/\/portalmovil.com.ar\/wp-content\/uploads\/2024\/05\/1717098032497-1.jpg","jetpack_sharing_enabled":true,"amp_enabled":true,"_links":{"self":[{"href":"https:\/\/portalmovil.com.ar\/index.php\/wp-json\/wp\/v2\/posts\/95768","targetHints":{"allow":["GET"]}}],"collection":[{"href":"https:\/\/portalmovil.com.ar\/index.php\/wp-json\/wp\/v2\/posts"}],"about":[{"href":"https:\/\/portalmovil.com.ar\/index.php\/wp-json\/wp\/v2\/types\/post"}],"author":[{"embeddable":true,"href":"https:\/\/portalmovil.com.ar\/index.php\/wp-json\/wp\/v2\/users\/2"}],"replies":[{"embeddable":true,"href":"https:\/\/portalmovil.com.ar\/index.php\/wp-json\/wp\/v2\/comments?post=95768"}],"version-history":[{"count":1,"href":"https:\/\/portalmovil.com.ar\/index.php\/wp-json\/wp\/v2\/posts\/95768\/revisions"}],"predecessor-version":[{"id":95771,"href":"https:\/\/portalmovil.com.ar\/index.php\/wp-json\/wp\/v2\/posts\/95768\/revisions\/95771"}],"wp:featuredmedia":[{"embeddable":true,"href":"https:\/\/portalmovil.com.ar\/index.php\/wp-json\/wp\/v2\/media\/95770"}],"wp:attachment":[{"href":"https:\/\/portalmovil.com.ar\/index.php\/wp-json\/wp\/v2\/media?parent=95768"}],"wp:term":[{"taxonomy":"category","embeddable":true,"href":"https:\/\/portalmovil.com.ar\/index.php\/wp-json\/wp\/v2\/categories?post=95768"},{"taxonomy":"post_tag","embeddable":true,"href":"https:\/\/portalmovil.com.ar\/index.php\/wp-json\/wp\/v2\/tags?post=95768"}],"curies":[{"name":"wp","href":"https:\/\/api.w.org\/{rel}","templated":true}]}}