{"id":95562,"date":"2024-05-27T09:57:00","date_gmt":"2024-05-27T12:57:00","guid":{"rendered":"https:\/\/portalmovil.com.ar\/?p=95562"},"modified":"2024-05-27T22:04:14","modified_gmt":"2024-05-28T01:04:14","slug":"renuncio-el-jefe-de-gabinete-de-javier-milei-nicolas-posse","status":"publish","type":"post","link":"https:\/\/portalmovil.com.ar\/index.php\/2024\/05\/27\/renuncio-el-jefe-de-gabinete-de-javier-milei-nicolas-posse\/","title":{"rendered":"Renunci\u00f3 el jefe de Gabinete de Javier Milei, Nicol\u00e1s Posse"},"content":{"rendered":"\n<p>En la noche de este lunes se confirm\u00f3 a trav\u00e9s de un comunicado oficial de la Oficina de Presidente que&nbsp;<strong>Nicol\u00e1s Posse present\u00f3 su renuncia a la Jefatura de Gabinete de la Naci\u00f3n.<\/strong><\/p>\n\n\n\n<figure class=\"wp-block-embed is-type-rich is-provider-twitter wp-block-embed-twitter\"><div class=\"wp-block-embed__wrapper\">\n<div class=\"embed-twitter\"><blockquote class=\"twitter-tweet\" data-width=\"500\" data-dnt=\"true\"><p lang=\"zxx\" dir=\"ltr\"><a href=\"https:\/\/t.co\/30RZs7yVHy\">pic.twitter.com\/30RZs7yVHy<\/a><\/p>&mdash; Oficina del Presidente (@OPRArgentina) <a href=\"https:\/\/twitter.com\/OPRArgentina\/status\/1795251727652032868?ref_src=twsrc%5Etfw\">May 28, 2024<\/a><\/blockquote><script async src=\"https:\/\/platform.twitter.com\/widgets.js\" charset=\"utf-8\"><\/script><\/div>\n<\/div><\/figure>\n\n\n\n<p>Asimismo, en relaci\u00f3n a su reemplazo, en el mismo comunicado detallaron: \u00abEl Dr. Guillermo Francos asumir\u00e1 el cargo de Jefe de Gabinete de Ministros con el objetivo&nbsp;<strong>de brindar mayor volumen pol\u00edtico a la Jefatura de Gabinete\u00bb.&nbsp;<\/strong><\/p>\n","protected":false},"excerpt":{"rendered":"<p>En la noche de este lunes se confirm\u00f3 a trav\u00e9s de un comunicado oficial de la Oficina de Presidente que&nbsp;Nicol\u00e1s Posse present\u00f3 su renuncia a la Jefatura de Gabinete de la Naci\u00f3n. pic.twitter.com\/30RZs7yVHy&mdash; Oficina del Presidente (@OPRArgentina) May 28, 2024 Asimismo, en relaci\u00f3n a su reemplazo, en el mismo comunicado detallaron: \u00abEl Dr. Guillermo Francos &hellip;<\/p>\n","protected":false},"author":2,"featured_media":95563,"comment_status":"open","ping_status":"open","sticky":false,"template":"","format":"standard","meta":{"_jetpack_memberships_contains_paid_content":false,"footnotes":"","jetpack_publicize_message":"","jetpack_publicize_feature_enabled":true,"jetpack_social_post_already_shared":true,"jetpack_social_options":{"image_generator_settings":{"template":"highway","default_image_id":0,"font":"","enabled":false},"version":2}},"categories":[639,14,12],"tags":[],"class_list":["post-95562","post","type-post","status-publish","format-standard","has-post-thumbnail","hentry","category-argentina","category-politica","category-ultimo"],"jetpack_publicize_connections":[],"jetpack_featured_media_url":"https:\/\/portalmovil.com.ar\/wp-content\/uploads\/2024\/05\/nicolas-posse-1jpg.jpg","jetpack_sharing_enabled":true,"amp_enabled":true,"_links":{"self":[{"href":"https:\/\/portalmovil.com.ar\/index.php\/wp-json\/wp\/v2\/posts\/95562","targetHints":{"allow":["GET"]}}],"collection":[{"href":"https:\/\/portalmovil.com.ar\/index.php\/wp-json\/wp\/v2\/posts"}],"about":[{"href":"https:\/\/portalmovil.com.ar\/index.php\/wp-json\/wp\/v2\/types\/post"}],"author":[{"embeddable":true,"href":"https:\/\/portalmovil.com.ar\/index.php\/wp-json\/wp\/v2\/users\/2"}],"replies":[{"embeddable":true,"href":"https:\/\/portalmovil.com.ar\/index.php\/wp-json\/wp\/v2\/comments?post=95562"}],"version-history":[{"count":1,"href":"https:\/\/portalmovil.com.ar\/index.php\/wp-json\/wp\/v2\/posts\/95562\/revisions"}],"predecessor-version":[{"id":95564,"href":"https:\/\/portalmovil.com.ar\/index.php\/wp-json\/wp\/v2\/posts\/95562\/revisions\/95564"}],"wp:featuredmedia":[{"embeddable":true,"href":"https:\/\/portalmovil.com.ar\/index.php\/wp-json\/wp\/v2\/media\/95563"}],"wp:attachment":[{"href":"https:\/\/portalmovil.com.ar\/index.php\/wp-json\/wp\/v2\/media?parent=95562"}],"wp:term":[{"taxonomy":"category","embeddable":true,"href":"https:\/\/portalmovil.com.ar\/index.php\/wp-json\/wp\/v2\/categories?post=95562"},{"taxonomy":"post_tag","embeddable":true,"href":"https:\/\/portalmovil.com.ar\/index.php\/wp-json\/wp\/v2\/tags?post=95562"}],"curies":[{"name":"wp","href":"https:\/\/api.w.org\/{rel}","templated":true}]}}