{"id":9547,"date":"2020-07-20T15:42:06","date_gmt":"2020-07-20T18:42:06","guid":{"rendered":"http:\/\/portalmovil.com.ar\/?p=9547"},"modified":"2020-07-20T15:42:13","modified_gmt":"2020-07-20T18:42:13","slug":"resistencia-el-municipio-recibio-donacion-de-500-mascarillas-que-seran-destinadas-a-hospitales-y-centros-comunitarios","status":"publish","type":"post","link":"https:\/\/portalmovil.com.ar\/index.php\/2020\/07\/20\/resistencia-el-municipio-recibio-donacion-de-500-mascarillas-que-seran-destinadas-a-hospitales-y-centros-comunitarios\/","title":{"rendered":"Resistencia: El Municipio recibi\u00f3 donaci\u00f3n de 500 mascarillas que ser\u00e1n destinadas a hospitales y centros comunitarios"},"content":{"rendered":"\n<p>El intendente de la Ciudad de Resistencia, Gustavo Mart\u00ednez, recibi\u00f3 por parte de la empresa ATUCHA la donaci\u00f3n de 500 m\u00e1scaras de protecci\u00f3n de acr\u00edlico que ser\u00e1n destinadas a los hospitales Perrando, Pedi\u00e1trico y a distintos centros comunitarios municipales. Elemento prioritario para el cuidado sanitario de los trabajadores ante la pandemia.<\/p>\n\n\n\n<p>Mart\u00ednez agradeci\u00f3 a Atucha por la colaboraci\u00f3n constante y resalt\u00f3 el extenso desarrollo emprendedor de la firma nacional en la ciudad. \u201cEs una gran ayuda en esta situaci\u00f3n tan particular que nos toca vivir por la pandemia\u201d, marc\u00f3 e hizo hincapi\u00e9 en lo fundamental del trabajo conjunto para avanzar en este proceso.<\/p>\n\n\n\n<p>El Jefe Comunal local subray\u00f3 la necesidad de tomar conciencia de la importancia del uso de la protecci\u00f3n adecuada ante el necesario proceso que se viene de habilitaci\u00f3n de las actividades. Y sum\u00f3: \u201cEmpieza una etapa muy esperada por muchos sectores como el comercio, la actividad econ\u00f3mica, la industria, y es necesario entender que el virus no desapareci\u00f3, que va a seguir conviviendo entre nosotros y ser cuidadosos es la manera de prevenir el contagio\u201d.<\/p>\n\n\n\n<p>Destac\u00f3 el apoyo de firmas con trayectoria y capacidad, como lo es ATUCHA, y record\u00f3 que es la segunda donaci\u00f3n que se realiza al Municipio por parte de la entidad en lo que hace a elementos de bioseguridad.<\/p>\n\n\n\n<h3 class=\"wp-block-heading\"><strong>La importancia de productos de calidad para brindar seguridad sanitaria<\/strong><\/h3>\n\n\n\n<p>Por parte de la empresa acudieron a entregar las m\u00e1scaras, M\u00e1ximo Atucha y Fabio P\u00e9rez. Atucha coincidi\u00f3 con el Intendente y dijo: \u201cEl virus no desapareci\u00f3 y lo necesario es cuidarnos, mantener la distancia social y usar elementos de seguridad\u201d.<\/p>\n\n\n\n<p>Coment\u00f3 que Atucha tiene disponible en su local, ubicado en Av. Laprida 620, \u201ctodos los elementos necesarios para que el comerciante pueda volver a trabajar seguro\u201d como, por ejemplo, \u201ccabinas sanitizantes, dispensers de alcohol en gel a pedal, y diversos productos para que se puedan volver a abrir las puertas de los comercios con tranquilidad\u201d.<\/p>\n\n\n\n<p>Record\u00f3 que se entreg\u00f3 en esta oportunidad al Municipio 500 mascarillas de acr\u00edlico, que a su vez el Intendente donar\u00e1 para la protecci\u00f3n de trabajadores de los hospitales Perrando y Pedi\u00e1trico; y para centros comunitarios locales. \u201cVa a ser de mucha utilidad y de coraz\u00f3n nos pone muy contentos poder poner nuestro granito de arena para ayudar a la ciudad\u201d.<\/p>\n","protected":false},"excerpt":{"rendered":"<p>El intendente de la Ciudad de Resistencia, Gustavo Mart\u00ednez, recibi\u00f3 por parte de la empresa ATUCHA la donaci\u00f3n de 500 m\u00e1scaras de protecci\u00f3n de acr\u00edlico que ser\u00e1n destinadas a los hospitales Perrando, Pedi\u00e1trico y a distintos centros comunitarios municipales. Elemento prioritario para el cuidado sanitario de los trabajadores ante la pandemia. Mart\u00ednez agradeci\u00f3 a Atucha &hellip;<\/p>\n","protected":false},"author":2,"featured_media":9548,"comment_status":"open","ping_status":"open","sticky":false,"template":"","format":"standard","meta":{"_jetpack_memberships_contains_paid_content":false,"footnotes":"","jetpack_publicize_message":"","jetpack_publicize_feature_enabled":true,"jetpack_social_post_already_shared":true,"jetpack_social_options":{"image_generator_settings":{"template":"highway","default_image_id":0,"font":"","enabled":false},"version":2}},"categories":[37],"tags":[],"class_list":["post-9547","post","type-post","status-publish","format-standard","has-post-thumbnail","hentry","category-resistencia"],"jetpack_publicize_connections":[],"jetpack_featured_media_url":"https:\/\/portalmovil.com.ar\/wp-content\/uploads\/2020\/07\/Gustavo-M-696x522-1.jpg","jetpack_sharing_enabled":true,"amp_enabled":true,"_links":{"self":[{"href":"https:\/\/portalmovil.com.ar\/index.php\/wp-json\/wp\/v2\/posts\/9547","targetHints":{"allow":["GET"]}}],"collection":[{"href":"https:\/\/portalmovil.com.ar\/index.php\/wp-json\/wp\/v2\/posts"}],"about":[{"href":"https:\/\/portalmovil.com.ar\/index.php\/wp-json\/wp\/v2\/types\/post"}],"author":[{"embeddable":true,"href":"https:\/\/portalmovil.com.ar\/index.php\/wp-json\/wp\/v2\/users\/2"}],"replies":[{"embeddable":true,"href":"https:\/\/portalmovil.com.ar\/index.php\/wp-json\/wp\/v2\/comments?post=9547"}],"version-history":[{"count":1,"href":"https:\/\/portalmovil.com.ar\/index.php\/wp-json\/wp\/v2\/posts\/9547\/revisions"}],"predecessor-version":[{"id":9549,"href":"https:\/\/portalmovil.com.ar\/index.php\/wp-json\/wp\/v2\/posts\/9547\/revisions\/9549"}],"wp:featuredmedia":[{"embeddable":true,"href":"https:\/\/portalmovil.com.ar\/index.php\/wp-json\/wp\/v2\/media\/9548"}],"wp:attachment":[{"href":"https:\/\/portalmovil.com.ar\/index.php\/wp-json\/wp\/v2\/media?parent=9547"}],"wp:term":[{"taxonomy":"category","embeddable":true,"href":"https:\/\/portalmovil.com.ar\/index.php\/wp-json\/wp\/v2\/categories?post=9547"},{"taxonomy":"post_tag","embeddable":true,"href":"https:\/\/portalmovil.com.ar\/index.php\/wp-json\/wp\/v2\/tags?post=9547"}],"curies":[{"name":"wp","href":"https:\/\/api.w.org\/{rel}","templated":true}]}}