{"id":95387,"date":"2024-05-23T22:27:43","date_gmt":"2024-05-24T01:27:43","guid":{"rendered":"https:\/\/portalmovil.com.ar\/?p=95387"},"modified":"2024-05-23T22:27:45","modified_gmt":"2024-05-24T01:27:45","slug":"colo-gonzalez-y-zdero-acordaron-inauguraciones-de-obras-por-los-114-aniversario-de-puerto-vilelas","status":"publish","type":"post","link":"https:\/\/portalmovil.com.ar\/index.php\/2024\/05\/23\/colo-gonzalez-y-zdero-acordaron-inauguraciones-de-obras-por-los-114-aniversario-de-puerto-vilelas\/","title":{"rendered":"\u00abColo\u00bb Gonz\u00e1lez y Zdero acordaron inauguraciones de obras por los 114\u00b0 aniversario de Puerto Vilelas"},"content":{"rendered":"\n<p>En Casa de Gobierno, el intendente de Puerto Vilelas, Marcelo \u201cColo\u201d Gonz\u00e1lez, llev\u00f3 adelante una reuni\u00f3n con el gobernador Leandro Zdero, en el cual ambas partes acordaron sucesos y obras hist\u00f3ricas, en el marco de lo que ser\u00e1 el 114\u00b0 aniversario de Puerto Vilelas.<\/p>\n\n\n\n<p>En este sentido, ese d\u00eda se dejar\u00e1\u00a0 inaugurado el Centro de Monitoreo y la puesta en funcionamiento de la Guardia Urbana Municipal (GUM).<\/p>\n\n\n\n<p>Adem\u00e1s, luego de estos sucesos trascendentales para la historia de Puerto Vilelas, se llevar\u00e1 adelante el acto protocolar y el desfile c\u00edvico \u2013 militar.<\/p>\n","protected":false},"excerpt":{"rendered":"<p>En Casa de Gobierno, el intendente de Puerto Vilelas, Marcelo \u201cColo\u201d Gonz\u00e1lez, llev\u00f3 adelante una reuni\u00f3n con el gobernador Leandro Zdero, en el cual ambas partes acordaron sucesos y obras hist\u00f3ricas, en el marco de lo que ser\u00e1 el 114\u00b0 aniversario de Puerto Vilelas. En este sentido, ese d\u00eda se dejar\u00e1\u00a0 inaugurado el Centro de &hellip;<\/p>\n","protected":false},"author":2,"featured_media":95388,"comment_status":"open","ping_status":"open","sticky":false,"template":"","format":"standard","meta":{"_jetpack_memberships_contains_paid_content":false,"footnotes":"","jetpack_publicize_message":"","jetpack_publicize_feature_enabled":true,"jetpack_social_post_already_shared":true,"jetpack_social_options":{"image_generator_settings":{"template":"highway","default_image_id":0,"font":"","enabled":false},"version":2}},"categories":[5,14],"tags":[],"class_list":["post-95387","post","type-post","status-publish","format-standard","has-post-thumbnail","hentry","category-chaco","category-politica"],"jetpack_publicize_connections":[],"jetpack_featured_media_url":"https:\/\/portalmovil.com.ar\/wp-content\/uploads\/2024\/05\/FB_IMG_1716513860246.jpg","jetpack_sharing_enabled":true,"amp_enabled":true,"_links":{"self":[{"href":"https:\/\/portalmovil.com.ar\/index.php\/wp-json\/wp\/v2\/posts\/95387","targetHints":{"allow":["GET"]}}],"collection":[{"href":"https:\/\/portalmovil.com.ar\/index.php\/wp-json\/wp\/v2\/posts"}],"about":[{"href":"https:\/\/portalmovil.com.ar\/index.php\/wp-json\/wp\/v2\/types\/post"}],"author":[{"embeddable":true,"href":"https:\/\/portalmovil.com.ar\/index.php\/wp-json\/wp\/v2\/users\/2"}],"replies":[{"embeddable":true,"href":"https:\/\/portalmovil.com.ar\/index.php\/wp-json\/wp\/v2\/comments?post=95387"}],"version-history":[{"count":1,"href":"https:\/\/portalmovil.com.ar\/index.php\/wp-json\/wp\/v2\/posts\/95387\/revisions"}],"predecessor-version":[{"id":95389,"href":"https:\/\/portalmovil.com.ar\/index.php\/wp-json\/wp\/v2\/posts\/95387\/revisions\/95389"}],"wp:featuredmedia":[{"embeddable":true,"href":"https:\/\/portalmovil.com.ar\/index.php\/wp-json\/wp\/v2\/media\/95388"}],"wp:attachment":[{"href":"https:\/\/portalmovil.com.ar\/index.php\/wp-json\/wp\/v2\/media?parent=95387"}],"wp:term":[{"taxonomy":"category","embeddable":true,"href":"https:\/\/portalmovil.com.ar\/index.php\/wp-json\/wp\/v2\/categories?post=95387"},{"taxonomy":"post_tag","embeddable":true,"href":"https:\/\/portalmovil.com.ar\/index.php\/wp-json\/wp\/v2\/tags?post=95387"}],"curies":[{"name":"wp","href":"https:\/\/api.w.org\/{rel}","templated":true}]}}