{"id":95369,"date":"2024-05-23T18:17:49","date_gmt":"2024-05-23T21:17:49","guid":{"rendered":"https:\/\/portalmovil.com.ar\/?p=95369"},"modified":"2024-05-23T18:17:51","modified_gmt":"2024-05-23T21:17:51","slug":"rescataron-unas-aves-exoticas-de-una-red-de-trafico-y-venta-ilegal","status":"publish","type":"post","link":"https:\/\/portalmovil.com.ar\/index.php\/2024\/05\/23\/rescataron-unas-aves-exoticas-de-una-red-de-trafico-y-venta-ilegal\/","title":{"rendered":"Rescataron unas aves ex\u00f3ticas de una red de tr\u00e1fico y venta ilegal"},"content":{"rendered":"\n<h3 class=\"wp-block-heading\"><strong>La Polic\u00eda Federal Argentina (PFA) desarticul\u00f3 una organizaci\u00f3n criminal dedicada al comercio ilegal de aves ex\u00f3ticas y aut\u00f3ctonas, y se rescataron una importante cantidad de ellas, en operativos realizados en distintos puntos del pa\u00eds.<\/strong>&nbsp;<\/h3>\n\n\n\n<p><strong>La investigaci\u00f3n se inici\u00f3 en el a\u00f1o 2021, a partir de una denuncia de venta irregular de animales ex\u00f3ticos en Whatsapp y Facebook<\/strong>, radicada ante el Departamento de Delitos Ambientales.<\/p>\n\n\n\n<p>Por ello, los detectives especializados en esta materia, con la intervenci\u00f3n preliminar de la Unidad Fiscal en Materia Ambiental (UFIMA), corroboraron la veracidad de la misma. As\u00ed, se deriv\u00f3 la causa al Juzgado Federal en lo Criminal y Correccional N\u00ba 2 de Lomas de Zamora, delegada a su vez la investigaci\u00f3n a la Fiscal\u00eda Federal de esa localidad.<\/p>\n\n\n\n<p>Al encomendarse nuevas medidas investigativas a dicha unidad especializada, se despleg\u00f3 una amplia investigaci\u00f3n,&nbsp;<strong>estableciendo una red de tr\u00e1fico interprovincial, cuyo objetivo era principalmente la comercializaci\u00f3n ilegal de aves protegidas y ex\u00f3ticas.<\/strong><\/p>\n\n\n\n<p>Luego de las diversas pesquisas, se identificaron a los miembros de dicha banda, sus roles, como tambi\u00e9n lugares de acopio y distribuci\u00f3n, que inclu\u00edan proveedores locales y hasta la figura de un administrador de grupos cerrados, dedicados a conectar vendedores y compradores a cambio de comisiones, similar al sistema de empresas de venta ilegal por internet.<\/p>\n\n\n\n<h3 class=\"wp-block-heading\"><strong>ALLANAMIENTOS<\/strong><\/h3>\n\n\n\n<p>Con esa informaci\u00f3n obtenida,&nbsp;<strong>el juzgado interventor orden\u00f3 el allanamiento de 12 domicilios utilizados para el acopio y cr\u00eda de estos animales.<\/strong><\/p>\n\n\n\n<p>Durante el procedimiento,\u00a0<strong>se rescataron alrededor de 800 aves de distintas partes del mundo,<\/strong>\u00a0las cuales la mayor\u00eda fueron clasificadas con la cooperaci\u00f3n de la Brigada de Control Ambiental de la Subsecretar\u00eda de Ambiente de la Naci\u00f3n, como tambi\u00e9n de la Direcci\u00f3n de Fauna de la Provincia de Buenos Aires.<\/p>\n\n\n\n<p><strong>Las mismas fueron se\u00f1aladas como \u00abespecies protegidas\u00bb aut\u00f3ctonas, ex\u00f3ticas y en cr\u00edtico peligro de extinci\u00f3n, originarias de distintas partes del mundo, desde Am\u00e9rica del Sur, Asia, \u00c1frica, y Ocean\u00eda, valuadas aproximadamente en 750 mil d\u00f3lares.<\/strong><\/p>\n\n\n\n<p><strong>Se destacan ejemplares como &nbsp;\u00abGuacamayo Jacinto\u00bb, o \u00abGuacamayo Azul\u00bb y \u00abCardenal Amarillo\u00bb, originario de Am\u00e9rica del Sur,<\/strong>&nbsp;incluidos en el Ap\u00e9ndice I de CITES (Convenci\u00f3n sobre el Comercio Internacional de Especies Amenazadas de Fauna y Flora Silvestres), lo que los hace invaluables en t\u00e9rminos monetarios en el mercado negro, entre otros ejemplares.<\/p>\n\n\n\n<p><strong>Los operativos se realizaron en Merlo, Almirante Brown, Isidro Casanova, Lan\u00fas, Remedios de Escalada, Ezeiza, San Nicol\u00e1s de los Arroyos, en la ciudad de Rosario y en varios puntos de la provincia de San Juan.<\/strong>&nbsp;Adem\u00e1s, fueron notificadas 10 personas y se secuestraron varios tel\u00e9fonos celulares.<\/p>\n","protected":false},"excerpt":{"rendered":"<p>La Polic\u00eda Federal Argentina (PFA) desarticul\u00f3 una organizaci\u00f3n criminal dedicada al comercio ilegal de aves ex\u00f3ticas y aut\u00f3ctonas, y se rescataron una importante cantidad de ellas, en operativos realizados en distintos puntos del pa\u00eds.&nbsp; La investigaci\u00f3n se inici\u00f3 en el a\u00f1o 2021, a partir de una denuncia de venta irregular de animales ex\u00f3ticos en Whatsapp &hellip;<\/p>\n","protected":false},"author":2,"featured_media":95370,"comment_status":"open","ping_status":"open","sticky":false,"template":"","format":"standard","meta":{"_jetpack_memberships_contains_paid_content":false,"footnotes":"","jetpack_publicize_message":"","jetpack_publicize_feature_enabled":true,"jetpack_social_post_already_shared":true,"jetpack_social_options":{"image_generator_settings":{"template":"highway","default_image_id":0,"font":"","enabled":false},"version":2}},"categories":[8],"tags":[],"class_list":["post-95369","post","type-post","status-publish","format-standard","has-post-thumbnail","hentry","category-policiales"],"jetpack_publicize_connections":[],"jetpack_featured_media_url":"https:\/\/portalmovil.com.ar\/wp-content\/uploads\/2024\/05\/165654w480h270c.jpg.webp","jetpack_sharing_enabled":true,"amp_enabled":true,"_links":{"self":[{"href":"https:\/\/portalmovil.com.ar\/index.php\/wp-json\/wp\/v2\/posts\/95369","targetHints":{"allow":["GET"]}}],"collection":[{"href":"https:\/\/portalmovil.com.ar\/index.php\/wp-json\/wp\/v2\/posts"}],"about":[{"href":"https:\/\/portalmovil.com.ar\/index.php\/wp-json\/wp\/v2\/types\/post"}],"author":[{"embeddable":true,"href":"https:\/\/portalmovil.com.ar\/index.php\/wp-json\/wp\/v2\/users\/2"}],"replies":[{"embeddable":true,"href":"https:\/\/portalmovil.com.ar\/index.php\/wp-json\/wp\/v2\/comments?post=95369"}],"version-history":[{"count":1,"href":"https:\/\/portalmovil.com.ar\/index.php\/wp-json\/wp\/v2\/posts\/95369\/revisions"}],"predecessor-version":[{"id":95371,"href":"https:\/\/portalmovil.com.ar\/index.php\/wp-json\/wp\/v2\/posts\/95369\/revisions\/95371"}],"wp:featuredmedia":[{"embeddable":true,"href":"https:\/\/portalmovil.com.ar\/index.php\/wp-json\/wp\/v2\/media\/95370"}],"wp:attachment":[{"href":"https:\/\/portalmovil.com.ar\/index.php\/wp-json\/wp\/v2\/media?parent=95369"}],"wp:term":[{"taxonomy":"category","embeddable":true,"href":"https:\/\/portalmovil.com.ar\/index.php\/wp-json\/wp\/v2\/categories?post=95369"},{"taxonomy":"post_tag","embeddable":true,"href":"https:\/\/portalmovil.com.ar\/index.php\/wp-json\/wp\/v2\/tags?post=95369"}],"curies":[{"name":"wp","href":"https:\/\/api.w.org\/{rel}","templated":true}]}}