{"id":95324,"date":"2024-05-22T16:15:27","date_gmt":"2024-05-22T19:15:27","guid":{"rendered":"https:\/\/portalmovil.com.ar\/?p=95324"},"modified":"2024-05-22T16:15:29","modified_gmt":"2024-05-22T19:15:29","slug":"zdero-estuvo-acompanando-la-celebracion-de-santa-rita-en-puerto-tirol","status":"publish","type":"post","link":"https:\/\/portalmovil.com.ar\/index.php\/2024\/05\/22\/zdero-estuvo-acompanando-la-celebracion-de-santa-rita-en-puerto-tirol\/","title":{"rendered":"Zdero estuvo acompa\u00f1ando la celebraci\u00f3n de Santa Rita en Puerto Tirol"},"content":{"rendered":"\n<h3 class=\"wp-block-heading\"><strong>El gobernador Leandro Zdero particip\u00f3 este mi\u00e9rcoles de la celebraci\u00f3n religiosa por el D\u00eda de Santa Rita de Casia, \u00abPatrona de las causas imposibles\u00bb, que se conmemora cada 22 de mayo con la peregrinaci\u00f3n y misa en la parroquia San Jos\u00e9 de Puerto Tirol. La misa fue ofrecida por la Arquidi\u00f3cesis de Resistencia.<\/strong>&nbsp;<\/h3>\n\n\n\n<p>De la ceremonia tambi\u00e9n participaron la vicegobernadora Silvana Schneider, quien form\u00f3 parte de la tradicional peregrinaci\u00f3n, y el intendente de Puerto Tirol, Humberto Pompert.<\/p>\n\n\n\n<p><strong>\u00abVenimos a pedir por el pueblo del Chaco en un momento tan complicado y dif\u00edcil, pedirle a Santa Rita que interceda ante Jes\u00fas para que nos proteja\u00bb,<\/strong>\u00a0expres\u00f3 el gobernador.<\/p>\n\n\n\n<p><strong>\u00abEstoy convencido que los chaque\u00f1os vamos a salir adelante, la fe es camino, no solamente a la fe cat\u00f3lica, sino la fe de todos y cada uno de los chaque\u00f1os que quieren salir adelante\u00bb<\/strong>, agreg\u00f3.<\/p>\n\n\n\n<p><strong>Hasta el mediod\u00eda llegaron entre 20 y 30 mil personas, y se prev\u00e9 que contin\u00faen llegando peregrinos hasta la noche.<\/strong>&nbsp;<\/p>\n\n\n\n<p>El mandatario celebr\u00f3 la participaci\u00f3n de cada cristiano que se acerc\u00f3 a la localidad en la misa ofrecida por Monse\u00f1or Dus. \u00abLa expresi\u00f3n de fe que surge desde Tirol, se impone en cada rinc\u00f3n de la provincia. Hoy vi gente que vino de todos los rincones del Chaco\u00bb, sostuvo.<\/p>\n","protected":false},"excerpt":{"rendered":"<p>El gobernador Leandro Zdero particip\u00f3 este mi\u00e9rcoles de la celebraci\u00f3n religiosa por el D\u00eda de Santa Rita de Casia, \u00abPatrona de las causas imposibles\u00bb, que se conmemora cada 22 de mayo con la peregrinaci\u00f3n y misa en la parroquia San Jos\u00e9 de Puerto Tirol. La misa fue ofrecida por la Arquidi\u00f3cesis de Resistencia.&nbsp; De la &hellip;<\/p>\n","protected":false},"author":2,"featured_media":95325,"comment_status":"open","ping_status":"open","sticky":false,"template":"","format":"standard","meta":{"_jetpack_memberships_contains_paid_content":false,"footnotes":"","jetpack_publicize_message":"","jetpack_publicize_feature_enabled":true,"jetpack_social_post_already_shared":true,"jetpack_social_options":{"image_generator_settings":{"template":"highway","default_image_id":0,"font":"","enabled":false},"version":2}},"categories":[5,14,12],"tags":[],"class_list":["post-95324","post","type-post","status-publish","format-standard","has-post-thumbnail","hentry","category-chaco","category-politica","category-ultimo"],"jetpack_publicize_connections":[],"jetpack_featured_media_url":"https:\/\/portalmovil.com.ar\/wp-content\/uploads\/2024\/05\/165625w480h320c.jpg.webp","jetpack_sharing_enabled":true,"amp_enabled":true,"_links":{"self":[{"href":"https:\/\/portalmovil.com.ar\/index.php\/wp-json\/wp\/v2\/posts\/95324","targetHints":{"allow":["GET"]}}],"collection":[{"href":"https:\/\/portalmovil.com.ar\/index.php\/wp-json\/wp\/v2\/posts"}],"about":[{"href":"https:\/\/portalmovil.com.ar\/index.php\/wp-json\/wp\/v2\/types\/post"}],"author":[{"embeddable":true,"href":"https:\/\/portalmovil.com.ar\/index.php\/wp-json\/wp\/v2\/users\/2"}],"replies":[{"embeddable":true,"href":"https:\/\/portalmovil.com.ar\/index.php\/wp-json\/wp\/v2\/comments?post=95324"}],"version-history":[{"count":1,"href":"https:\/\/portalmovil.com.ar\/index.php\/wp-json\/wp\/v2\/posts\/95324\/revisions"}],"predecessor-version":[{"id":95326,"href":"https:\/\/portalmovil.com.ar\/index.php\/wp-json\/wp\/v2\/posts\/95324\/revisions\/95326"}],"wp:featuredmedia":[{"embeddable":true,"href":"https:\/\/portalmovil.com.ar\/index.php\/wp-json\/wp\/v2\/media\/95325"}],"wp:attachment":[{"href":"https:\/\/portalmovil.com.ar\/index.php\/wp-json\/wp\/v2\/media?parent=95324"}],"wp:term":[{"taxonomy":"category","embeddable":true,"href":"https:\/\/portalmovil.com.ar\/index.php\/wp-json\/wp\/v2\/categories?post=95324"},{"taxonomy":"post_tag","embeddable":true,"href":"https:\/\/portalmovil.com.ar\/index.php\/wp-json\/wp\/v2\/tags?post=95324"}],"curies":[{"name":"wp","href":"https:\/\/api.w.org\/{rel}","templated":true}]}}