{"id":95262,"date":"2024-05-21T18:38:39","date_gmt":"2024-05-21T21:38:39","guid":{"rendered":"https:\/\/portalmovil.com.ar\/?p=95262"},"modified":"2024-05-21T18:38:41","modified_gmt":"2024-05-21T21:38:41","slug":"accidente-fatal-en-ruta-11-un-hombre-de-73-anos-murio-tras-impactar-contra-un-camion","status":"publish","type":"post","link":"https:\/\/portalmovil.com.ar\/index.php\/2024\/05\/21\/accidente-fatal-en-ruta-11-un-hombre-de-73-anos-murio-tras-impactar-contra-un-camion\/","title":{"rendered":"Accidente fatal en Ruta 11: Un hombre de 73 a\u00f1os muri\u00f3 tras impactar contra un cami\u00f3n"},"content":{"rendered":"\n<p>El siniestro se produjo a la altura del puente Mar\u00eda Sara entre un cami\u00f3n y un autom\u00f3vil, donde el conductor del veh\u00edculo de menor porte es quien fallece en el lugar.<\/p>\n\n\n\n<p>Cerca de las 15:40, un llamado al 911 alert\u00f3 al personal de la Comisaria local sobre un siniestro vial entre un autom\u00f3vil marca Volkswagen modelo Virtus y un cami\u00f3n Mercedes Benz con semirremolque. Una vez en el lugar, observaron que el conductor del cami\u00f3n, un ciudadano de 28 a\u00f1os se encontraba ileso, en tanto el del autom\u00f3vil presuntamente se encontraba sin signos vitales y atrapado producto al impacto frontal.<\/p>\n\n\n\n<p>Mediante ello, solicitaron asistencia m\u00e9dica el cual arrib\u00f3 a los pocos minutos y constat\u00f3 que el conductor se encontraba sin vida, trat\u00e1ndose de Gustavo Guillermo Evans de 73 a\u00f1os. En el lugar trabaja el personal de Gendarmer\u00eda Nacional y Polic\u00eda Caminera para regularizar el tr\u00e1nsito, adem\u00e1s del personal de Criminal\u00edstica para determinar las circunstancias en que se produjo el siniestro.<\/p>\n\n\n\n<p>Conforme lo dispuesto por la magistratura en turno, el cuerpo del hombre fallecido fue trasladado a las instalaciones del INCIF para la correspondiente autopsia.<\/p>\n","protected":false},"excerpt":{"rendered":"<p>El siniestro se produjo a la altura del puente Mar\u00eda Sara entre un cami\u00f3n y un autom\u00f3vil, donde el conductor del veh\u00edculo de menor porte es quien fallece en el lugar. Cerca de las 15:40, un llamado al 911 alert\u00f3 al personal de la Comisaria local sobre un siniestro vial entre un autom\u00f3vil marca Volkswagen &hellip;<\/p>\n","protected":false},"author":2,"featured_media":95263,"comment_status":"open","ping_status":"open","sticky":false,"template":"","format":"standard","meta":{"_jetpack_memberships_contains_paid_content":false,"footnotes":"","jetpack_publicize_message":"","jetpack_publicize_feature_enabled":true,"jetpack_social_post_already_shared":true,"jetpack_social_options":{"image_generator_settings":{"template":"highway","default_image_id":0,"font":"","enabled":false},"version":2}},"categories":[5,8],"tags":[],"class_list":["post-95262","post","type-post","status-publish","format-standard","has-post-thumbnail","hentry","category-chaco","category-policiales"],"jetpack_publicize_connections":[],"jetpack_featured_media_url":"https:\/\/portalmovil.com.ar\/wp-content\/uploads\/2024\/05\/IMG-20240521-WA0153.jpg","jetpack_sharing_enabled":true,"amp_enabled":true,"_links":{"self":[{"href":"https:\/\/portalmovil.com.ar\/index.php\/wp-json\/wp\/v2\/posts\/95262","targetHints":{"allow":["GET"]}}],"collection":[{"href":"https:\/\/portalmovil.com.ar\/index.php\/wp-json\/wp\/v2\/posts"}],"about":[{"href":"https:\/\/portalmovil.com.ar\/index.php\/wp-json\/wp\/v2\/types\/post"}],"author":[{"embeddable":true,"href":"https:\/\/portalmovil.com.ar\/index.php\/wp-json\/wp\/v2\/users\/2"}],"replies":[{"embeddable":true,"href":"https:\/\/portalmovil.com.ar\/index.php\/wp-json\/wp\/v2\/comments?post=95262"}],"version-history":[{"count":1,"href":"https:\/\/portalmovil.com.ar\/index.php\/wp-json\/wp\/v2\/posts\/95262\/revisions"}],"predecessor-version":[{"id":95264,"href":"https:\/\/portalmovil.com.ar\/index.php\/wp-json\/wp\/v2\/posts\/95262\/revisions\/95264"}],"wp:featuredmedia":[{"embeddable":true,"href":"https:\/\/portalmovil.com.ar\/index.php\/wp-json\/wp\/v2\/media\/95263"}],"wp:attachment":[{"href":"https:\/\/portalmovil.com.ar\/index.php\/wp-json\/wp\/v2\/media?parent=95262"}],"wp:term":[{"taxonomy":"category","embeddable":true,"href":"https:\/\/portalmovil.com.ar\/index.php\/wp-json\/wp\/v2\/categories?post=95262"},{"taxonomy":"post_tag","embeddable":true,"href":"https:\/\/portalmovil.com.ar\/index.php\/wp-json\/wp\/v2\/tags?post=95262"}],"curies":[{"name":"wp","href":"https:\/\/api.w.org\/{rel}","templated":true}]}}