{"id":95083,"date":"2024-05-17T19:47:15","date_gmt":"2024-05-17T22:47:15","guid":{"rendered":"https:\/\/portalmovil.com.ar\/?p=95083"},"modified":"2024-05-17T19:47:18","modified_gmt":"2024-05-17T22:47:18","slug":"este-lunes-20-de-mayo-sera-dia-no-laborable-para-los-agentes-estatales-evangelicos","status":"publish","type":"post","link":"https:\/\/portalmovil.com.ar\/index.php\/2024\/05\/17\/este-lunes-20-de-mayo-sera-dia-no-laborable-para-los-agentes-estatales-evangelicos\/","title":{"rendered":"Este lunes 20 de mayo ser\u00e1 d\u00eda no laborable para los agentes estatales evang\u00e9licos"},"content":{"rendered":"\n<p>El Gobierno provincial comunic\u00f3 que este lunes 20 de mayo del 2024 ser\u00e1 d\u00eda no laborable para aquellos agentes de la administraci\u00f3n p\u00fablica que profesen el culto cristiano evang\u00e9lico, con motivo de celebrarse el D\u00eda de Pentecost\u00e9s.<\/p>\n\n\n\n<p>A trav\u00e9s de la Ley N\u00b0 3632-L, se establece como d\u00eda no laborable para todos aquellos agentes pertenecientes a los tres Poderes del Estado Provincial, Entes Aut\u00e1rquicos y Descentralizados y Empresas del Estado provincial que profesen el culto cristiano evang\u00e9lico.<\/p>\n","protected":false},"excerpt":{"rendered":"<p>El Gobierno provincial comunic\u00f3 que este lunes 20 de mayo del 2024 ser\u00e1 d\u00eda no laborable para aquellos agentes de la administraci\u00f3n p\u00fablica que profesen el culto cristiano evang\u00e9lico, con motivo de celebrarse el D\u00eda de Pentecost\u00e9s. A trav\u00e9s de la Ley N\u00b0 3632-L, se establece como d\u00eda no laborable para todos aquellos agentes pertenecientes &hellip;<\/p>\n","protected":false},"author":2,"featured_media":22662,"comment_status":"open","ping_status":"open","sticky":false,"template":"","format":"standard","meta":{"_jetpack_memberships_contains_paid_content":false,"footnotes":"","jetpack_publicize_message":"","jetpack_publicize_feature_enabled":true,"jetpack_social_post_already_shared":true,"jetpack_social_options":{"image_generator_settings":{"template":"highway","default_image_id":0,"font":"","enabled":false},"version":2}},"categories":[28,5],"tags":[],"class_list":["post-95083","post","type-post","status-publish","format-standard","has-post-thumbnail","hentry","category-actualidad","category-chaco"],"jetpack_publicize_connections":[],"jetpack_featured_media_url":"https:\/\/portalmovil.com.ar\/wp-content\/uploads\/2021\/03\/90344954_2451771341801556_3155253580332531712_o.jpg","jetpack_sharing_enabled":true,"amp_enabled":true,"_links":{"self":[{"href":"https:\/\/portalmovil.com.ar\/index.php\/wp-json\/wp\/v2\/posts\/95083","targetHints":{"allow":["GET"]}}],"collection":[{"href":"https:\/\/portalmovil.com.ar\/index.php\/wp-json\/wp\/v2\/posts"}],"about":[{"href":"https:\/\/portalmovil.com.ar\/index.php\/wp-json\/wp\/v2\/types\/post"}],"author":[{"embeddable":true,"href":"https:\/\/portalmovil.com.ar\/index.php\/wp-json\/wp\/v2\/users\/2"}],"replies":[{"embeddable":true,"href":"https:\/\/portalmovil.com.ar\/index.php\/wp-json\/wp\/v2\/comments?post=95083"}],"version-history":[{"count":1,"href":"https:\/\/portalmovil.com.ar\/index.php\/wp-json\/wp\/v2\/posts\/95083\/revisions"}],"predecessor-version":[{"id":95084,"href":"https:\/\/portalmovil.com.ar\/index.php\/wp-json\/wp\/v2\/posts\/95083\/revisions\/95084"}],"wp:featuredmedia":[{"embeddable":true,"href":"https:\/\/portalmovil.com.ar\/index.php\/wp-json\/wp\/v2\/media\/22662"}],"wp:attachment":[{"href":"https:\/\/portalmovil.com.ar\/index.php\/wp-json\/wp\/v2\/media?parent=95083"}],"wp:term":[{"taxonomy":"category","embeddable":true,"href":"https:\/\/portalmovil.com.ar\/index.php\/wp-json\/wp\/v2\/categories?post=95083"},{"taxonomy":"post_tag","embeddable":true,"href":"https:\/\/portalmovil.com.ar\/index.php\/wp-json\/wp\/v2\/tags?post=95083"}],"curies":[{"name":"wp","href":"https:\/\/api.w.org\/{rel}","templated":true}]}}