{"id":94809,"date":"2024-05-13T18:38:57","date_gmt":"2024-05-13T21:38:57","guid":{"rendered":"https:\/\/portalmovil.com.ar\/?p=94809"},"modified":"2024-05-13T18:38:59","modified_gmt":"2024-05-13T21:38:59","slug":"allanaron-a-dirigentes-piqueteros-acusados-de-extorsionar-a-beneficiarios-de-planes","status":"publish","type":"post","link":"https:\/\/portalmovil.com.ar\/index.php\/2024\/05\/13\/allanaron-a-dirigentes-piqueteros-acusados-de-extorsionar-a-beneficiarios-de-planes\/","title":{"rendered":"Allanaron a dirigentes piqueteros acusados de extorsionar a beneficiarios de planes"},"content":{"rendered":"\n<p>Este lunes,&nbsp;<strong>la Justicia Federal realiz\u00f3 27 allanamientos<\/strong>&nbsp;en el marco de una causa que investiga a varios dirigentes sociales pertenecientes a diferentes organizaciones por&nbsp;<strong>presunta extorsi\u00f3n y coacci\u00f3n a beneficiarios de planes sociales para asistir a manifestaciones y marchas de protesta<\/strong>.<\/p>\n\n\n\n<p><strong>Las denuncias fueron recibidas a trav\u00e9s de la L\u00ednea 134 habilitada por el Ministerio de Seguridad, a cargo de Patricia Bullrich<\/strong>, para que beneficiarios de planes sociales denuncien amenazas de los dirigentes piqueteros. \u00ab<strong>Esta es la primera vez en la historia en donde se allanan a las organizaciones -entre ellos, Jerem\u00edas Canteros, integrante de la mesa nacional del Polo Obrero- que extorsionaban a las personas para ir a las marchas<\/strong>\u00ab, indic\u00f3\u00a0<strong>Bullrich<\/strong>\u00a0por medio de un posteo en su cuenta personal de X.<\/p>\n\n\n\n<p>De esta manera, la investigaci\u00f3n estuvo a cargo de la&nbsp;<strong>Polic\u00eda Federal Argentina (PFA<\/strong>), que&nbsp;<strong>realiz\u00f3 los 27 allanamientos en diferentes domicilios que fueron se\u00f1alados como \u00abpertenecientes\u00bb a las agrupaciones sociales<\/strong>. Asimismo, el fiscal a cargo de la causa solicit\u00f3 que los involucrados se presentan a prestar declaraci\u00f3n indagatoria por los hechos.<\/p>\n\n\n\n<p>Durante los operativos se secuestraron \u00ab<strong>dispositivos electr\u00f3nicos de los imputados, planillas o cuadernos -donde se presume que tomaban asistencia o registros de pagos-; documentaci\u00f3n vinculada a planes sociales<\/strong>, al funcionamiento de cada Unidad de Certificaci\u00f3n o con personas jur\u00eddicas que funcionen como cooperativas o asociaciones civiles; comprobantes de pago de c\u00e1pitas, cuotas, alquileres o mercader\u00eda; tarjetas bancarias o comprobantes de extracci\u00f3n de dinero en efectivo\u00bb, seg\u00fan expresa el expediente.<\/p>\n","protected":false},"excerpt":{"rendered":"<p>Este lunes,&nbsp;la Justicia Federal realiz\u00f3 27 allanamientos&nbsp;en el marco de una causa que investiga a varios dirigentes sociales pertenecientes a diferentes organizaciones por&nbsp;presunta extorsi\u00f3n y coacci\u00f3n a beneficiarios de planes sociales para asistir a manifestaciones y marchas de protesta. Las denuncias fueron recibidas a trav\u00e9s de la L\u00ednea 134 habilitada por el Ministerio de Seguridad, &hellip;<\/p>\n","protected":false},"author":2,"featured_media":94810,"comment_status":"open","ping_status":"open","sticky":false,"template":"","format":"standard","meta":{"_jetpack_memberships_contains_paid_content":false,"footnotes":"","jetpack_publicize_message":"","jetpack_publicize_feature_enabled":true,"jetpack_social_post_already_shared":true,"jetpack_social_options":{"image_generator_settings":{"template":"highway","default_image_id":0,"font":"","enabled":false},"version":2}},"categories":[639,8],"tags":[],"class_list":["post-94809","post","type-post","status-publish","format-standard","has-post-thumbnail","hentry","category-argentina","category-policiales"],"jetpack_publicize_connections":[],"jetpack_featured_media_url":"https:\/\/portalmovil.com.ar\/wp-content\/uploads\/2024\/05\/FB_IMG_1715636299494.jpg","jetpack_sharing_enabled":true,"amp_enabled":true,"_links":{"self":[{"href":"https:\/\/portalmovil.com.ar\/index.php\/wp-json\/wp\/v2\/posts\/94809","targetHints":{"allow":["GET"]}}],"collection":[{"href":"https:\/\/portalmovil.com.ar\/index.php\/wp-json\/wp\/v2\/posts"}],"about":[{"href":"https:\/\/portalmovil.com.ar\/index.php\/wp-json\/wp\/v2\/types\/post"}],"author":[{"embeddable":true,"href":"https:\/\/portalmovil.com.ar\/index.php\/wp-json\/wp\/v2\/users\/2"}],"replies":[{"embeddable":true,"href":"https:\/\/portalmovil.com.ar\/index.php\/wp-json\/wp\/v2\/comments?post=94809"}],"version-history":[{"count":1,"href":"https:\/\/portalmovil.com.ar\/index.php\/wp-json\/wp\/v2\/posts\/94809\/revisions"}],"predecessor-version":[{"id":94811,"href":"https:\/\/portalmovil.com.ar\/index.php\/wp-json\/wp\/v2\/posts\/94809\/revisions\/94811"}],"wp:featuredmedia":[{"embeddable":true,"href":"https:\/\/portalmovil.com.ar\/index.php\/wp-json\/wp\/v2\/media\/94810"}],"wp:attachment":[{"href":"https:\/\/portalmovil.com.ar\/index.php\/wp-json\/wp\/v2\/media?parent=94809"}],"wp:term":[{"taxonomy":"category","embeddable":true,"href":"https:\/\/portalmovil.com.ar\/index.php\/wp-json\/wp\/v2\/categories?post=94809"},{"taxonomy":"post_tag","embeddable":true,"href":"https:\/\/portalmovil.com.ar\/index.php\/wp-json\/wp\/v2\/tags?post=94809"}],"curies":[{"name":"wp","href":"https:\/\/api.w.org\/{rel}","templated":true}]}}