{"id":94494,"date":"2024-05-08T08:23:13","date_gmt":"2024-05-08T11:23:13","guid":{"rendered":"https:\/\/portalmovil.com.ar\/?p=94494"},"modified":"2024-05-08T08:35:55","modified_gmt":"2024-05-08T11:35:55","slug":"la-justicia-dio-el-informe-de-la-autopsia-al-bebe-que-nacio-en-la-concesionaria","status":"publish","type":"post","link":"https:\/\/portalmovil.com.ar\/index.php\/2024\/05\/08\/la-justicia-dio-el-informe-de-la-autopsia-al-bebe-que-nacio-en-la-concesionaria\/","title":{"rendered":"La justicia dio el informe de la autopsia del beb\u00e9 que naci\u00f3 en la concesionaria"},"content":{"rendered":"\n<p>El Equipo Fiscal N\u00b0 3 de Resistencia inform\u00f3 que en la autopsia realizada por el Instituto de Medicina y Ciencias Forenses del Poder Judicial (IMCIF) no fueron observados&nbsp;<strong>signos de lesiones por maniobras instrumentales o aspirativas<\/strong>&nbsp;en el beb\u00e9 fallecido el 26 de abril luego que hab\u00eda nacido por parto no institucional el 24 de ese mes.<\/p>\n\n\n\n<p>Adem\u00e1s, la pericia diagnostic\u00f3 \u00ab<strong>veintis\u00e9is semanas de gestaci\u00f3n (prematuro extremo) y fallecimiento por hemorragia intrapulmonar y encef\u00e1lica por inmadurez.<\/strong>&nbsp;En tanto que no fueron observadas otras lesiones en el resto de los \u00f3rganos apreciados\u00bb.<\/p>\n\n\n\n<p>El hecho es investigado en la causa 12.024\/2024-1 \u00abs\/ hallazgo de reci\u00e9n nacido s\/ eleva actuaciones\u00bb a cargo de la&nbsp;<strong>fiscal Rosana Soto<\/strong>&nbsp;quien se\u00f1al\u00f3 que restan recibir los informes del Hospital Pedi\u00e1trico y otras instituciones que intervinieron.<\/p>\n\n\n\n<p>Por \u00faltimo, la titular del Equipo Fiscal N\u00b0 3,&nbsp;<strong>record\u00f3 que informar\u00e1 a medida que se produzcan novedades.<\/strong><\/p>\n","protected":false},"excerpt":{"rendered":"<p>El Equipo Fiscal N\u00b0 3 de Resistencia inform\u00f3 que en la autopsia realizada por el Instituto de Medicina y Ciencias Forenses del Poder Judicial (IMCIF) no fueron observados&nbsp;signos de lesiones por maniobras instrumentales o aspirativas&nbsp;en el beb\u00e9 fallecido el 26 de abril luego que hab\u00eda nacido por parto no institucional el 24 de ese mes. &hellip;<\/p>\n","protected":false},"author":2,"featured_media":93850,"comment_status":"open","ping_status":"open","sticky":false,"template":"","format":"standard","meta":{"_jetpack_memberships_contains_paid_content":false,"footnotes":"","jetpack_publicize_message":"","jetpack_publicize_feature_enabled":true,"jetpack_social_post_already_shared":true,"jetpack_social_options":{"image_generator_settings":{"template":"highway","default_image_id":0,"font":"","enabled":false},"version":2}},"categories":[5,8],"tags":[],"class_list":["post-94494","post","type-post","status-publish","format-standard","has-post-thumbnail","hentry","category-chaco","category-policiales"],"jetpack_publicize_connections":[],"jetpack_featured_media_url":"https:\/\/portalmovil.com.ar\/wp-content\/uploads\/2024\/04\/1713994152728.jpg","jetpack_sharing_enabled":true,"amp_enabled":true,"_links":{"self":[{"href":"https:\/\/portalmovil.com.ar\/index.php\/wp-json\/wp\/v2\/posts\/94494","targetHints":{"allow":["GET"]}}],"collection":[{"href":"https:\/\/portalmovil.com.ar\/index.php\/wp-json\/wp\/v2\/posts"}],"about":[{"href":"https:\/\/portalmovil.com.ar\/index.php\/wp-json\/wp\/v2\/types\/post"}],"author":[{"embeddable":true,"href":"https:\/\/portalmovil.com.ar\/index.php\/wp-json\/wp\/v2\/users\/2"}],"replies":[{"embeddable":true,"href":"https:\/\/portalmovil.com.ar\/index.php\/wp-json\/wp\/v2\/comments?post=94494"}],"version-history":[{"count":2,"href":"https:\/\/portalmovil.com.ar\/index.php\/wp-json\/wp\/v2\/posts\/94494\/revisions"}],"predecessor-version":[{"id":94497,"href":"https:\/\/portalmovil.com.ar\/index.php\/wp-json\/wp\/v2\/posts\/94494\/revisions\/94497"}],"wp:featuredmedia":[{"embeddable":true,"href":"https:\/\/portalmovil.com.ar\/index.php\/wp-json\/wp\/v2\/media\/93850"}],"wp:attachment":[{"href":"https:\/\/portalmovil.com.ar\/index.php\/wp-json\/wp\/v2\/media?parent=94494"}],"wp:term":[{"taxonomy":"category","embeddable":true,"href":"https:\/\/portalmovil.com.ar\/index.php\/wp-json\/wp\/v2\/categories?post=94494"},{"taxonomy":"post_tag","embeddable":true,"href":"https:\/\/portalmovil.com.ar\/index.php\/wp-json\/wp\/v2\/tags?post=94494"}],"curies":[{"name":"wp","href":"https:\/\/api.w.org\/{rel}","templated":true}]}}