{"id":94439,"date":"2024-05-07T12:42:07","date_gmt":"2024-05-07T15:42:07","guid":{"rendered":"https:\/\/portalmovil.com.ar\/?p=94439"},"modified":"2024-05-07T12:42:09","modified_gmt":"2024-05-07T15:42:09","slug":"no-habra-atencion-al-publico-en-los-bancos-de-todo-el-pais","status":"publish","type":"post","link":"https:\/\/portalmovil.com.ar\/index.php\/2024\/05\/07\/no-habra-atencion-al-publico-en-los-bancos-de-todo-el-pais\/","title":{"rendered":"No habr\u00e1 atenci\u00f3n al p\u00fablico en los bancos de todo el pa\u00eds"},"content":{"rendered":"\n<h3 class=\"wp-block-heading\"><strong>Este lunes, la Asociaci\u00f3n Bancaria confirm\u00f3 mediante un comunicado oficial su adhesi\u00f3n al paro general del pr\u00f3ximo 9 de mayo, convocado por la CGT.<\/strong>&nbsp;<\/h3>\n\n\n\n<p><strong>Durante dicha jornada, los bancos no brindar\u00e1n la atenci\u00f3n presencial en sus sucursales. En tanto, s\u00ed mantendr\u00e1n la atenci\u00f3n en los canales electr\u00f3nicos como home banking, aplicaciones bancarias y billeteras electr\u00f3nicas y sin afecci\u00f3n a las transacciones comerciales y de pagos.<\/strong><\/p>\n\n\n\n<p>Entre las consideraciones de los referentes del sindicato expresaron que motiva su decisi\u00f3n \u00abla pol\u00edtica econ\u00f3mica llevada a cabo por el Gobierno nacional (que) no para de perjudicar a los trabajadores\/as\u00bb.<\/p>\n\n\n\n<p><strong>Esta adhesi\u00f3n implica la suspensi\u00f3n total de la atenci\u00f3n en los bancos el pr\u00f3ximo jueves, una medida que impactar\u00e1 directamente en los clientes de las entidades y en la din\u00e1mica econ\u00f3mica de un d\u00eda h\u00e1bil.<\/strong><\/p>\n\n\n\n<p>Por lo tanto, se aconseja a la poblaci\u00f3n tomar precauciones y anticipar cualquier gesti\u00f3n que deba realizarse en las entidades financieras con antelaci\u00f3n.<\/p>\n\n\n\n<p><strong>El respaldo de la Asociaci\u00f3n Bancaria al paro se fundamenta en el rechazo al proyecto de la Ley Bases,<\/strong>&nbsp;que recientemente obtuvo media sanci\u00f3n en la C\u00e1mara de Diputados y se encamina a ser tratada en Senadores.<\/p>\n\n\n\n<p>\u00abDesde nuestra organizaci\u00f3n sindical consideramos que si en el Senado de la Naci\u00f3n se aprueba el proyecto de la Ley Bases, que la semana pasada obtuvo media sanci\u00f3n en la C\u00e1mara de Diputados, la clase trabajadora en su conjunto experimentar\u00e1 un grav\u00edsimo retroceso en materia de derechos laborales\u00bb, sostuvo La Bancaria.<\/p>\n\n\n\n<p>A su vez, mencion\u00f3: \u00abCabe destacar que nunca antes, ning\u00fan gobierno nacional hab\u00eda tomado decisiones tan extra\u00f1as y que resulten una amenaza tan contundente hacia nuestros derechos y conquistas laborales conseguidas\u00bb.<\/p>\n\n\n\n<p>El sindicato de trabajadores bancarios expres\u00f3 su postura trav\u00e9s de la plataforma X y refrend\u00f3 su reclamo contra los despidos, ajustes, impuesto a las Ganancias, privatizaciones, Ley Bases y el DNU.<\/p>\n","protected":false},"excerpt":{"rendered":"<p>Este lunes, la Asociaci\u00f3n Bancaria confirm\u00f3 mediante un comunicado oficial su adhesi\u00f3n al paro general del pr\u00f3ximo 9 de mayo, convocado por la CGT.&nbsp; Durante dicha jornada, los bancos no brindar\u00e1n la atenci\u00f3n presencial en sus sucursales. En tanto, s\u00ed mantendr\u00e1n la atenci\u00f3n en los canales electr\u00f3nicos como home banking, aplicaciones bancarias y billeteras electr\u00f3nicas &hellip;<\/p>\n","protected":false},"author":2,"featured_media":6753,"comment_status":"open","ping_status":"open","sticky":false,"template":"","format":"standard","meta":{"_jetpack_memberships_contains_paid_content":false,"footnotes":"","jetpack_publicize_message":"","jetpack_publicize_feature_enabled":true,"jetpack_social_post_already_shared":true,"jetpack_social_options":{"image_generator_settings":{"template":"highway","default_image_id":0,"font":"","enabled":false},"version":2}},"categories":[28],"tags":[],"class_list":["post-94439","post","type-post","status-publish","format-standard","has-post-thumbnail","hentry","category-actualidad"],"jetpack_publicize_connections":[],"jetpack_featured_media_url":"https:\/\/portalmovil.com.ar\/wp-content\/uploads\/2020\/05\/Cuarentena-BancoChaco9Julio-696x463-1.jpg","jetpack_sharing_enabled":true,"amp_enabled":true,"_links":{"self":[{"href":"https:\/\/portalmovil.com.ar\/index.php\/wp-json\/wp\/v2\/posts\/94439","targetHints":{"allow":["GET"]}}],"collection":[{"href":"https:\/\/portalmovil.com.ar\/index.php\/wp-json\/wp\/v2\/posts"}],"about":[{"href":"https:\/\/portalmovil.com.ar\/index.php\/wp-json\/wp\/v2\/types\/post"}],"author":[{"embeddable":true,"href":"https:\/\/portalmovil.com.ar\/index.php\/wp-json\/wp\/v2\/users\/2"}],"replies":[{"embeddable":true,"href":"https:\/\/portalmovil.com.ar\/index.php\/wp-json\/wp\/v2\/comments?post=94439"}],"version-history":[{"count":1,"href":"https:\/\/portalmovil.com.ar\/index.php\/wp-json\/wp\/v2\/posts\/94439\/revisions"}],"predecessor-version":[{"id":94440,"href":"https:\/\/portalmovil.com.ar\/index.php\/wp-json\/wp\/v2\/posts\/94439\/revisions\/94440"}],"wp:featuredmedia":[{"embeddable":true,"href":"https:\/\/portalmovil.com.ar\/index.php\/wp-json\/wp\/v2\/media\/6753"}],"wp:attachment":[{"href":"https:\/\/portalmovil.com.ar\/index.php\/wp-json\/wp\/v2\/media?parent=94439"}],"wp:term":[{"taxonomy":"category","embeddable":true,"href":"https:\/\/portalmovil.com.ar\/index.php\/wp-json\/wp\/v2\/categories?post=94439"},{"taxonomy":"post_tag","embeddable":true,"href":"https:\/\/portalmovil.com.ar\/index.php\/wp-json\/wp\/v2\/tags?post=94439"}],"curies":[{"name":"wp","href":"https:\/\/api.w.org\/{rel}","templated":true}]}}