{"id":94396,"date":"2024-05-06T19:02:21","date_gmt":"2024-05-06T22:02:21","guid":{"rendered":"https:\/\/portalmovil.com.ar\/?p=94396"},"modified":"2024-05-06T19:02:24","modified_gmt":"2024-05-06T22:02:24","slug":"se-anuncia-para-este-martes-un-dia-caluroso","status":"publish","type":"post","link":"https:\/\/portalmovil.com.ar\/index.php\/2024\/05\/06\/se-anuncia-para-este-martes-un-dia-caluroso\/","title":{"rendered":"Se anuncia para este martes un d\u00eda caluroso"},"content":{"rendered":"\n<p>En medio de un calor inusitado para esta \u00e9poca del a\u00f1o, con una sesnaci\u00f3n t\u00e9rmica que lleg\u00f3 a los 40\u00b0C este lunes,&nbsp;<strong>el Servicio Meteorol\u00f3gico Nacional anuncia una jornada calurosa para este martes, en Resistencia y alrededores, y con tiempo desmejorando a partir del mi\u00e9rcoles, con lluvias y tormentas aisladas y descenso de temperatura<\/strong>.<\/p>\n\n\n\n<p>En detalle,&nbsp;<strong>para este martes se espera cielo parcialmente nublado por la ma\u00f1ana, y mayormente nublado por la tarde-noche, con vientos moderados del norte rotando al noreste. La temperatura oscilar\u00e1 entre 22 grados de m\u00ednima, y 31 de m\u00e1xima<\/strong>, con elevada sensaci\u00f3n t\u00e9rmica.<\/p>\n\n\n\n<p>En tanto,&nbsp;<strong>para el mi\u00e9rcoles se prev\u00e9 el ingeso de un frente del sur que provocar\u00e1 un cambio de tiempo, con lluvias y tormentas aisladas, y el esperado alivio t\u00e9rmico, con un piso de 15 grados y techo de 22<\/strong>.<\/p>\n\n\n\n<p>Asimismo, para el jueves se anticipa cielo parcialmente nublado por la ma\u00f1ana y mayormente nublado por la tarde-noche, con 13 grados de temperatura m\u00ednima y 20 de m\u00e1xima.<\/p>\n\n\n\n<p>Por \u00faltimo, para el viernes, el SMN pronostica cielo mayormente nublado, y ambiente fr\u00edo a fresco, con una temperatura m\u00ednima de 12 grados y una m\u00e1xima de 15.<\/p>\n","protected":false},"excerpt":{"rendered":"<p>En medio de un calor inusitado para esta \u00e9poca del a\u00f1o, con una sesnaci\u00f3n t\u00e9rmica que lleg\u00f3 a los 40\u00b0C este lunes,&nbsp;el Servicio Meteorol\u00f3gico Nacional anuncia una jornada calurosa para este martes, en Resistencia y alrededores, y con tiempo desmejorando a partir del mi\u00e9rcoles, con lluvias y tormentas aisladas y descenso de temperatura. En detalle,&nbsp;para &hellip;<\/p>\n","protected":false},"author":2,"featured_media":76351,"comment_status":"open","ping_status":"open","sticky":false,"template":"","format":"standard","meta":{"_jetpack_memberships_contains_paid_content":false,"footnotes":"","jetpack_publicize_message":"","jetpack_publicize_feature_enabled":true,"jetpack_social_post_already_shared":true,"jetpack_social_options":{"image_generator_settings":{"template":"highway","default_image_id":0,"font":"","enabled":false},"version":2}},"categories":[28,5],"tags":[],"class_list":["post-94396","post","type-post","status-publish","format-standard","has-post-thumbnail","hentry","category-actualidad","category-chaco"],"jetpack_publicize_connections":[],"jetpack_featured_media_url":"https:\/\/portalmovil.com.ar\/wp-content\/uploads\/2023\/05\/6462a03b32858885257064.jpg","jetpack_sharing_enabled":true,"amp_enabled":true,"_links":{"self":[{"href":"https:\/\/portalmovil.com.ar\/index.php\/wp-json\/wp\/v2\/posts\/94396","targetHints":{"allow":["GET"]}}],"collection":[{"href":"https:\/\/portalmovil.com.ar\/index.php\/wp-json\/wp\/v2\/posts"}],"about":[{"href":"https:\/\/portalmovil.com.ar\/index.php\/wp-json\/wp\/v2\/types\/post"}],"author":[{"embeddable":true,"href":"https:\/\/portalmovil.com.ar\/index.php\/wp-json\/wp\/v2\/users\/2"}],"replies":[{"embeddable":true,"href":"https:\/\/portalmovil.com.ar\/index.php\/wp-json\/wp\/v2\/comments?post=94396"}],"version-history":[{"count":1,"href":"https:\/\/portalmovil.com.ar\/index.php\/wp-json\/wp\/v2\/posts\/94396\/revisions"}],"predecessor-version":[{"id":94397,"href":"https:\/\/portalmovil.com.ar\/index.php\/wp-json\/wp\/v2\/posts\/94396\/revisions\/94397"}],"wp:featuredmedia":[{"embeddable":true,"href":"https:\/\/portalmovil.com.ar\/index.php\/wp-json\/wp\/v2\/media\/76351"}],"wp:attachment":[{"href":"https:\/\/portalmovil.com.ar\/index.php\/wp-json\/wp\/v2\/media?parent=94396"}],"wp:term":[{"taxonomy":"category","embeddable":true,"href":"https:\/\/portalmovil.com.ar\/index.php\/wp-json\/wp\/v2\/categories?post=94396"},{"taxonomy":"post_tag","embeddable":true,"href":"https:\/\/portalmovil.com.ar\/index.php\/wp-json\/wp\/v2\/tags?post=94396"}],"curies":[{"name":"wp","href":"https:\/\/api.w.org\/{rel}","templated":true}]}}