{"id":94157,"date":"2024-05-01T21:14:59","date_gmt":"2024-05-02T00:14:59","guid":{"rendered":"https:\/\/portalmovil.com.ar\/?p=94157"},"modified":"2024-05-01T21:15:02","modified_gmt":"2024-05-02T00:15:02","slug":"tengo-el-culo-limpio-no-necesito-que-la-corte-me-salve-dijo-milei","status":"publish","type":"post","link":"https:\/\/portalmovil.com.ar\/index.php\/2024\/05\/01\/tengo-el-culo-limpio-no-necesito-que-la-corte-me-salve-dijo-milei\/","title":{"rendered":"\u00abTengo el culo limpio, no necesito que la Corte me salve\u00bb, dijo Milei"},"content":{"rendered":"\n<p>Javier Milei habl\u00f3 nuevamente con la prensa y ahora defendi\u00f3 la postulaci\u00f3n a la Corte Suprema del juez federal Ariel Lijo. Para el Presidente, se trata de un magistrado que conoce como ning\u00fan otro c\u00f3mo funciona el sistema judicial en el pa\u00eds, algo fundamental para la reforma que el libertario pretende impulsar.<\/p>\n\n\n\n<p>\u201cMi \u00fanico inter\u00e9s es que la Corte falle acorde a los principios de la Constituci\u00f3n Nacional. No necesito una Corte adicta\u201d, dijo Milei.<\/p>\n\n\n\n<p>Y desarroll\u00f3: \u201cYo tengo el culo limpio, no necesito que la Corte me venga a salvar, por eso puedo hacer las reformas que estoy haciendo\u201d.<\/p>\n\n\n\n<p>En di\u00e1logo con los periodistas Luis Majul y Esteban Trebucq, en El Observador radio, agreg\u00f3 que \u00e9l no lleg\u00f3 al gobierno \u201cpara chorear\u201d.<\/p>\n\n\n\n<p>\u201cSi alguno de mis funcionarios incurriera en un acto de corrupci\u00f3n, le pego una patada en el culo\u201d, asegur\u00f3 el Presidente.<\/p>\n\n\n\n<p>Sobre las cr\u00edticas a Lijo, Milei asegur\u00f3 que no tiene problemas y que ve como positivo cuando le marcan un error.<\/p>\n\n\n\n<p>Sobre eso, le dijo a Majul: \u201cUn d\u00eda en el pase que estabas haciendo con Pablo Rossi (en La Naci\u00f3n +). \u00c9l hizo una cr\u00edtica fundada y me estaba sacudiendo. Al otro d\u00eda, lo est\u00e1bamos corrigiendo.&nbsp;No tengo problemas con la cr\u00edtica\u201d, revel\u00f3.<\/p>\n\n\n\n<p>Para ilustrar sus palabras, se refiri\u00f3 al f\u00fatbol. \u201cBoca va a una definici\u00f3n por penales, Battaglia erra, pero Boca gana. Un periodista se lo marca. Battaglia, con sabidur\u00eda, le dice: \u2018Erran los que patean\u2019. El tipo que hace est\u00e1 expuesto a equivocarse, el error es parte de la vida. Si yo te digo que no nos vamos a equivocar, ser\u00eda un pelotudo del tama\u00f1o del Universo. El tema es qu\u00e9 hac\u00e9s con el error. Hemos visto otros gobiernos que persist\u00edan en tapar el error. Nosotros,&nbsp;cuando nos equivocamos, lo corregimos. Metemos la gamba, lo corregimos\u201d, enfatiz\u00f3.<\/p>\n","protected":false},"excerpt":{"rendered":"<p>Javier Milei habl\u00f3 nuevamente con la prensa y ahora defendi\u00f3 la postulaci\u00f3n a la Corte Suprema del juez federal Ariel Lijo. Para el Presidente, se trata de un magistrado que conoce como ning\u00fan otro c\u00f3mo funciona el sistema judicial en el pa\u00eds, algo fundamental para la reforma que el libertario pretende impulsar. \u201cMi \u00fanico inter\u00e9s &hellip;<\/p>\n","protected":false},"author":2,"featured_media":94158,"comment_status":"open","ping_status":"open","sticky":false,"template":"","format":"standard","meta":{"_jetpack_memberships_contains_paid_content":false,"footnotes":"","jetpack_publicize_message":"","jetpack_publicize_feature_enabled":true,"jetpack_social_post_already_shared":true,"jetpack_social_options":{"image_generator_settings":{"template":"highway","default_image_id":0,"font":"","enabled":false},"version":2}},"categories":[639,14],"tags":[],"class_list":["post-94157","post","type-post","status-publish","format-standard","has-post-thumbnail","hentry","category-argentina","category-politica"],"jetpack_publicize_connections":[],"jetpack_featured_media_url":"https:\/\/portalmovil.com.ar\/wp-content\/uploads\/2024\/05\/imagen-javier-milel-motosierra-gettyimages-1701035489-copia_44325064_20240209155307.jpg","jetpack_sharing_enabled":true,"amp_enabled":true,"_links":{"self":[{"href":"https:\/\/portalmovil.com.ar\/index.php\/wp-json\/wp\/v2\/posts\/94157","targetHints":{"allow":["GET"]}}],"collection":[{"href":"https:\/\/portalmovil.com.ar\/index.php\/wp-json\/wp\/v2\/posts"}],"about":[{"href":"https:\/\/portalmovil.com.ar\/index.php\/wp-json\/wp\/v2\/types\/post"}],"author":[{"embeddable":true,"href":"https:\/\/portalmovil.com.ar\/index.php\/wp-json\/wp\/v2\/users\/2"}],"replies":[{"embeddable":true,"href":"https:\/\/portalmovil.com.ar\/index.php\/wp-json\/wp\/v2\/comments?post=94157"}],"version-history":[{"count":1,"href":"https:\/\/portalmovil.com.ar\/index.php\/wp-json\/wp\/v2\/posts\/94157\/revisions"}],"predecessor-version":[{"id":94159,"href":"https:\/\/portalmovil.com.ar\/index.php\/wp-json\/wp\/v2\/posts\/94157\/revisions\/94159"}],"wp:featuredmedia":[{"embeddable":true,"href":"https:\/\/portalmovil.com.ar\/index.php\/wp-json\/wp\/v2\/media\/94158"}],"wp:attachment":[{"href":"https:\/\/portalmovil.com.ar\/index.php\/wp-json\/wp\/v2\/media?parent=94157"}],"wp:term":[{"taxonomy":"category","embeddable":true,"href":"https:\/\/portalmovil.com.ar\/index.php\/wp-json\/wp\/v2\/categories?post=94157"},{"taxonomy":"post_tag","embeddable":true,"href":"https:\/\/portalmovil.com.ar\/index.php\/wp-json\/wp\/v2\/tags?post=94157"}],"curies":[{"name":"wp","href":"https:\/\/api.w.org\/{rel}","templated":true}]}}