{"id":94096,"date":"2024-04-30T10:51:19","date_gmt":"2024-04-30T13:51:19","guid":{"rendered":"https:\/\/portalmovil.com.ar\/?p=94096"},"modified":"2024-04-30T10:51:23","modified_gmt":"2024-04-30T13:51:23","slug":"arrojaron-una-manzana-con-cocaina-en-el-penal-de-saenz-pena","status":"publish","type":"post","link":"https:\/\/portalmovil.com.ar\/index.php\/2024\/04\/30\/arrojaron-una-manzana-con-cocaina-en-el-penal-de-saenz-pena\/","title":{"rendered":"Arrojaron una manzana con coca\u00edna en el Penal de S\u00e1enz Pe\u00f1a"},"content":{"rendered":"\n<p>El hecho se dio como resultado de los controles efectuados por el personal penitenciario, con el fin de neutralizar las mafias intra carcelarias. Fue as\u00ed que, tras una recorrida, efectivos de la Secci\u00f3n Control y Registro detectaron que de uno de los pabellones se arrojaba un elemento sospechoso.<\/p>\n\n\n\n<p>Ante esta situaci\u00f3n, los agentes comprobaron que el objeto era una manzana, la cual ten\u00eda un corte y en su interior conten\u00eda un envoltorio de nylon transparente, con una sustancia blanca.<\/p>\n\n\n\n<p>Tras las pruebas correspondientes, se comprob\u00f3 que el contenido era clorhidrato de coca\u00edna. Frente a ello, tom\u00f3 intervenci\u00f3n la Fiscal\u00eda Antidrogas N\u00b0 2 de Resistencia, a cargo de Mar\u00eda Arechavala, que orden\u00f3 la prosecuci\u00f3n de la investigaci\u00f3n.<\/p>\n","protected":false},"excerpt":{"rendered":"<p>El hecho se dio como resultado de los controles efectuados por el personal penitenciario, con el fin de neutralizar las mafias intra carcelarias. Fue as\u00ed que, tras una recorrida, efectivos de la Secci\u00f3n Control y Registro detectaron que de uno de los pabellones se arrojaba un elemento sospechoso. Ante esta situaci\u00f3n, los agentes comprobaron que &hellip;<\/p>\n","protected":false},"author":6,"featured_media":94097,"comment_status":"open","ping_status":"open","sticky":false,"template":"","format":"standard","meta":{"_jetpack_memberships_contains_paid_content":false,"footnotes":"","jetpack_publicize_message":"","jetpack_publicize_feature_enabled":true,"jetpack_social_post_already_shared":true,"jetpack_social_options":{"image_generator_settings":{"template":"highway","default_image_id":0,"font":"","enabled":false},"version":2}},"categories":[5,8],"tags":[],"class_list":["post-94096","post","type-post","status-publish","format-standard","has-post-thumbnail","hentry","category-chaco","category-policiales"],"jetpack_publicize_connections":[],"jetpack_featured_media_url":"https:\/\/portalmovil.com.ar\/wp-content\/uploads\/2024\/04\/saenz-pena-4.webp","jetpack_sharing_enabled":true,"amp_enabled":true,"_links":{"self":[{"href":"https:\/\/portalmovil.com.ar\/index.php\/wp-json\/wp\/v2\/posts\/94096","targetHints":{"allow":["GET"]}}],"collection":[{"href":"https:\/\/portalmovil.com.ar\/index.php\/wp-json\/wp\/v2\/posts"}],"about":[{"href":"https:\/\/portalmovil.com.ar\/index.php\/wp-json\/wp\/v2\/types\/post"}],"author":[{"embeddable":true,"href":"https:\/\/portalmovil.com.ar\/index.php\/wp-json\/wp\/v2\/users\/6"}],"replies":[{"embeddable":true,"href":"https:\/\/portalmovil.com.ar\/index.php\/wp-json\/wp\/v2\/comments?post=94096"}],"version-history":[{"count":1,"href":"https:\/\/portalmovil.com.ar\/index.php\/wp-json\/wp\/v2\/posts\/94096\/revisions"}],"predecessor-version":[{"id":94098,"href":"https:\/\/portalmovil.com.ar\/index.php\/wp-json\/wp\/v2\/posts\/94096\/revisions\/94098"}],"wp:featuredmedia":[{"embeddable":true,"href":"https:\/\/portalmovil.com.ar\/index.php\/wp-json\/wp\/v2\/media\/94097"}],"wp:attachment":[{"href":"https:\/\/portalmovil.com.ar\/index.php\/wp-json\/wp\/v2\/media?parent=94096"}],"wp:term":[{"taxonomy":"category","embeddable":true,"href":"https:\/\/portalmovil.com.ar\/index.php\/wp-json\/wp\/v2\/categories?post=94096"},{"taxonomy":"post_tag","embeddable":true,"href":"https:\/\/portalmovil.com.ar\/index.php\/wp-json\/wp\/v2\/tags?post=94096"}],"curies":[{"name":"wp","href":"https:\/\/api.w.org\/{rel}","templated":true}]}}