{"id":93896,"date":"2024-04-25T11:38:42","date_gmt":"2024-04-25T14:38:42","guid":{"rendered":"https:\/\/portalmovil.com.ar\/?p=93896"},"modified":"2024-04-25T11:38:44","modified_gmt":"2024-04-25T14:38:44","slug":"un-chofer-una-enfermera-y-una-ambulancia-estan-perdidos-en-el-impenetrable","status":"publish","type":"post","link":"https:\/\/portalmovil.com.ar\/index.php\/2024\/04\/25\/un-chofer-una-enfermera-y-una-ambulancia-estan-perdidos-en-el-impenetrable\/","title":{"rendered":"Un chofer, una enfermera y una ambulancia est\u00e1n perdidos en El Impenetrable"},"content":{"rendered":"\n<p>Contin\u00faa en la ma\u00f1ana de este jueves la incesante b\u00fasqueda de la ambulancia que sali\u00f3 el martes por la tarde de El Sauzalito hacia Castelli, recorri\u00f3 los m\u00e1s de 150 kil\u00f3metros entre el punto de origen y destino y desde las 22 de ese d\u00eda nada se sabe.<\/p>\n\n\n\n<p>En el veh\u00edculo estaban el chofer y la enfermera y lo \u00faltimo que se sabe es que pobladores de la zona conocida como el \u00abcamino de los Pereyra\u00bb se\u00f1alan haber visto un m\u00f3vil sanitario.<\/p>\n\n\n\n<p>Es que por las intensas lluvias y la intransitabilidad de los caminos tradicionales, se tomaron recorridos alternativos en pleno Impenetrable chaque\u00f1o.<\/p>\n\n\n\n<p>Por estas horas se refuerza el rastreo con veh\u00edculos de mayor porte e incluso municipios como el de Fuerte Esperanza se sumaron a la b\u00fasqueda.<\/p>\n\n\n\n<p>La preocupaci\u00f3n es grande en El Sauzalito porque son casi 36 horas de nada saber de estos dos trabajadores. El veh\u00edculo no ten\u00eda radio VHF y naturalmente en la zona en la que se estima que qued\u00f3 varada no hay se\u00f1al de telefon\u00eda celular.<\/p>\n","protected":false},"excerpt":{"rendered":"<p>Contin\u00faa en la ma\u00f1ana de este jueves la incesante b\u00fasqueda de la ambulancia que sali\u00f3 el martes por la tarde de El Sauzalito hacia Castelli, recorri\u00f3 los m\u00e1s de 150 kil\u00f3metros entre el punto de origen y destino y desde las 22 de ese d\u00eda nada se sabe. En el veh\u00edculo estaban el chofer y &hellip;<\/p>\n","protected":false},"author":2,"featured_media":93897,"comment_status":"open","ping_status":"open","sticky":false,"template":"","format":"standard","meta":{"_jetpack_memberships_contains_paid_content":false,"footnotes":"","jetpack_publicize_message":"","jetpack_publicize_feature_enabled":true,"jetpack_social_post_already_shared":true,"jetpack_social_options":{"image_generator_settings":{"template":"highway","default_image_id":0,"font":"","enabled":false},"version":2}},"categories":[5,8],"tags":[],"class_list":["post-93896","post","type-post","status-publish","format-standard","has-post-thumbnail","hentry","category-chaco","category-policiales"],"jetpack_publicize_connections":[],"jetpack_featured_media_url":"https:\/\/portalmovil.com.ar\/wp-content\/uploads\/2024\/04\/933061.jpg_gde.jpg","jetpack_sharing_enabled":true,"amp_enabled":true,"_links":{"self":[{"href":"https:\/\/portalmovil.com.ar\/index.php\/wp-json\/wp\/v2\/posts\/93896","targetHints":{"allow":["GET"]}}],"collection":[{"href":"https:\/\/portalmovil.com.ar\/index.php\/wp-json\/wp\/v2\/posts"}],"about":[{"href":"https:\/\/portalmovil.com.ar\/index.php\/wp-json\/wp\/v2\/types\/post"}],"author":[{"embeddable":true,"href":"https:\/\/portalmovil.com.ar\/index.php\/wp-json\/wp\/v2\/users\/2"}],"replies":[{"embeddable":true,"href":"https:\/\/portalmovil.com.ar\/index.php\/wp-json\/wp\/v2\/comments?post=93896"}],"version-history":[{"count":1,"href":"https:\/\/portalmovil.com.ar\/index.php\/wp-json\/wp\/v2\/posts\/93896\/revisions"}],"predecessor-version":[{"id":93898,"href":"https:\/\/portalmovil.com.ar\/index.php\/wp-json\/wp\/v2\/posts\/93896\/revisions\/93898"}],"wp:featuredmedia":[{"embeddable":true,"href":"https:\/\/portalmovil.com.ar\/index.php\/wp-json\/wp\/v2\/media\/93897"}],"wp:attachment":[{"href":"https:\/\/portalmovil.com.ar\/index.php\/wp-json\/wp\/v2\/media?parent=93896"}],"wp:term":[{"taxonomy":"category","embeddable":true,"href":"https:\/\/portalmovil.com.ar\/index.php\/wp-json\/wp\/v2\/categories?post=93896"},{"taxonomy":"post_tag","embeddable":true,"href":"https:\/\/portalmovil.com.ar\/index.php\/wp-json\/wp\/v2\/tags?post=93896"}],"curies":[{"name":"wp","href":"https:\/\/api.w.org\/{rel}","templated":true}]}}