{"id":93856,"date":"2024-04-24T07:55:00","date_gmt":"2024-04-24T10:55:00","guid":{"rendered":"https:\/\/portalmovil.com.ar\/?p=93856"},"modified":"2024-04-24T19:56:53","modified_gmt":"2024-04-24T22:56:53","slug":"zdero-anuncio-el-ascenso-de-369-agentes-penitenciarios","status":"publish","type":"post","link":"https:\/\/portalmovil.com.ar\/index.php\/2024\/04\/24\/zdero-anuncio-el-ascenso-de-369-agentes-penitenciarios\/","title":{"rendered":"Zdero anunci\u00f3 el ascenso de 369 agentes penitenciarios"},"content":{"rendered":"\n<p>El gobernador&nbsp;<strong>Leandro Zdero<\/strong>&nbsp;encabez\u00f3 este mi\u00e9rcoles en el Parque de la Democracia, el 16\u00b0 aniversario del Servicio Penitenciario Provincial donde anunci\u00f3<strong>&nbsp;la firma de ascensos para 369 agentes penitenciarios del Chaco<\/strong>&nbsp;. \u00abPor primera vez en 16 a\u00f1os de esta instituci\u00f3n, anunciamos las jerarqu\u00edas y los escalafones correspondientes a los ascensos de los agentes\u00bb, subray\u00f3.<\/p>\n\n\n\n<p>En la oportunidad, junto a la vicegobernadora\u00a0<strong>Silvana Schneiderentreg\u00f3 dos veh\u00edculos recuperados, donados al Complejo Penitenciario N\u00b01<\/strong>. Adelant\u00f3 que se concretar\u00e1n\u00a0<strong>obras de ampliaci\u00f3n y refuncionalizaci\u00f3n en los complejos penitenciarios de Resistencia y S\u00e1enz Pe\u00f1a e inversiones en equipamiento y capacitaci\u00f3n<\/strong>.<\/p>\n\n\n\n<p>\u00ab<strong>Agradecemos el compromiso de velar por la seguridad<\/strong>, no solo para restituir el orden y conservarlo puertas adentro en cada una de las penitenciar\u00edas, sino porque a su vez son parte fundamental en el trabajo de reinserci\u00f3n que necesita la poblaci\u00f3n carcelaria\u00bb, destac\u00f3.<\/p>\n\n\n\n<p>El mandatario asegur\u00f3 que el gobierno asumi\u00f3 la responsabilidad de promover la seguridad para todos los chaque\u00f1os. \u00ab<strong>Estamos administrando bien los recursos, debemos tener una mirada especial para que en cada rinc\u00f3n del Chaco<\/strong>\u00a0pueda reinar lo que extra\u00f1amos por mucho tiempo, que es la paz social\u00bb, subray\u00f3.<\/p>\n\n\n\n<p>Para ello, ratific\u00f3 el acompa\u00f1amiento y fortalecimiento de las fuerzas. \u00ab<strong>Tienen el respaldo, tienen un aliado que es el gobernador de la provincia,<\/strong>&nbsp;porque necesitamos m\u00e1s seguridad para sacar al Chaco adelante y es un trabajo que debemos hacerlo todos juntos, desde el ejecutivo provincial, el Ministerio, las fuerzas de seguridad y la justicia\u00bb, sostuvo.<\/p>\n\n\n\n<p>En ese sentido, destac\u00f3&nbsp;<strong>la importancia de la capacitaci\u00f3n y formaci\u00f3n de los agentes<\/strong>. \u00abVamos a acompa\u00f1ar todo trayecto de formaci\u00f3n que ponga en valor a nuestras fuerzas a fin de lograr profesionalismo y jerarquizar la funci\u00f3n penitenciaria\u00bb, destac\u00f3.<\/p>\n\n\n\n<p>Acompa\u00f1aron al gobernador el ministro de Seguridad&nbsp;<strong>Hugo Matkovich<\/strong>; la secretaria general de la Gobernaci\u00f3n,<strong>&nbsp;Carolina Meiri\u00f1o;<\/strong>&nbsp;el secretario coordinador de Gabinete,&nbsp;<strong>Livio Guti\u00e9rrez<\/strong>; el presidente del Superior Tribunal de Justicia,&nbsp;<strong>Victor del Rio<\/strong>; la jefa del Servicio Penitenciario y de Readaptaci\u00f3n Social,<strong>&nbsp;Gilda Erika Maidana<\/strong>; el subjefe del Servicio Penitenciario,&nbsp;<strong>Gerardo Fabi\u00e1n Sotelo<\/strong>; los diputados provinciales,&nbsp;<strong>Maida With y Samuel Vargas;<\/strong>&nbsp;autoridades de las fuerzas de seguridad y del sistema penitenciario.<\/p>\n","protected":false},"excerpt":{"rendered":"<p>El gobernador&nbsp;Leandro Zdero&nbsp;encabez\u00f3 este mi\u00e9rcoles en el Parque de la Democracia, el 16\u00b0 aniversario del Servicio Penitenciario Provincial donde anunci\u00f3&nbsp;la firma de ascensos para 369 agentes penitenciarios del Chaco&nbsp;. \u00abPor primera vez en 16 a\u00f1os de esta instituci\u00f3n, anunciamos las jerarqu\u00edas y los escalafones correspondientes a los ascensos de los agentes\u00bb, subray\u00f3. En la oportunidad, &hellip;<\/p>\n","protected":false},"author":2,"featured_media":93857,"comment_status":"open","ping_status":"open","sticky":false,"template":"","format":"standard","meta":{"_jetpack_memberships_contains_paid_content":false,"footnotes":"","jetpack_publicize_message":"","jetpack_publicize_feature_enabled":true,"jetpack_social_post_already_shared":true,"jetpack_social_options":{"image_generator_settings":{"template":"highway","default_image_id":0,"font":"","enabled":false},"version":2}},"categories":[5,14,12],"tags":[],"class_list":["post-93856","post","type-post","status-publish","format-standard","has-post-thumbnail","hentry","category-chaco","category-politica","category-ultimo"],"jetpack_publicize_connections":[],"jetpack_featured_media_url":"https:\/\/portalmovil.com.ar\/wp-content\/uploads\/2024\/04\/263593w440h279c.jpg.webp","jetpack_sharing_enabled":true,"amp_enabled":true,"_links":{"self":[{"href":"https:\/\/portalmovil.com.ar\/index.php\/wp-json\/wp\/v2\/posts\/93856","targetHints":{"allow":["GET"]}}],"collection":[{"href":"https:\/\/portalmovil.com.ar\/index.php\/wp-json\/wp\/v2\/posts"}],"about":[{"href":"https:\/\/portalmovil.com.ar\/index.php\/wp-json\/wp\/v2\/types\/post"}],"author":[{"embeddable":true,"href":"https:\/\/portalmovil.com.ar\/index.php\/wp-json\/wp\/v2\/users\/2"}],"replies":[{"embeddable":true,"href":"https:\/\/portalmovil.com.ar\/index.php\/wp-json\/wp\/v2\/comments?post=93856"}],"version-history":[{"count":1,"href":"https:\/\/portalmovil.com.ar\/index.php\/wp-json\/wp\/v2\/posts\/93856\/revisions"}],"predecessor-version":[{"id":93858,"href":"https:\/\/portalmovil.com.ar\/index.php\/wp-json\/wp\/v2\/posts\/93856\/revisions\/93858"}],"wp:featuredmedia":[{"embeddable":true,"href":"https:\/\/portalmovil.com.ar\/index.php\/wp-json\/wp\/v2\/media\/93857"}],"wp:attachment":[{"href":"https:\/\/portalmovil.com.ar\/index.php\/wp-json\/wp\/v2\/media?parent=93856"}],"wp:term":[{"taxonomy":"category","embeddable":true,"href":"https:\/\/portalmovil.com.ar\/index.php\/wp-json\/wp\/v2\/categories?post=93856"},{"taxonomy":"post_tag","embeddable":true,"href":"https:\/\/portalmovil.com.ar\/index.php\/wp-json\/wp\/v2\/tags?post=93856"}],"curies":[{"name":"wp","href":"https:\/\/api.w.org\/{rel}","templated":true}]}}