{"id":93481,"date":"2024-04-16T15:29:19","date_gmt":"2024-04-16T18:29:19","guid":{"rendered":"https:\/\/portalmovil.com.ar\/?p=93481"},"modified":"2024-04-16T15:29:22","modified_gmt":"2024-04-16T18:29:22","slug":"el-fiscal-federal-patricio-sabadini-denuncio-a-los-policias-violentos-que-atacaron-a-un-joven-con-sindrome-de-down","status":"publish","type":"post","link":"https:\/\/portalmovil.com.ar\/index.php\/2024\/04\/16\/el-fiscal-federal-patricio-sabadini-denuncio-a-los-policias-violentos-que-atacaron-a-un-joven-con-sindrome-de-down\/","title":{"rendered":"El Fiscal Federal Patricio Sabadini, denunci\u00f3 a los polic\u00edas violentos que atacaron a un joven con S\u00edndrome de Down"},"content":{"rendered":"\n<p>El hecho ocurri\u00f3 en el barrio Nuestra Se\u00f1ora del Carmen y hay versiones encontradas entre familiares y la Polic\u00eda.<strong> El fiscal federal Sabadini hizo una denuncia penal por el caso.<\/strong><\/p>\n\n\n<div class=\"wp-block-image\">\n<figure class=\"aligncenter size-full is-resized\"><img loading=\"lazy\" decoding=\"async\" width=\"600\" height=\"380\" src=\"https:\/\/portalmovil.com.ar\/wp-content\/uploads\/2024\/04\/866631.jpg\" alt=\"\" class=\"wp-image-93446\" style=\"width:1094px;height:auto\" srcset=\"https:\/\/portalmovil.com.ar\/wp-content\/uploads\/2024\/04\/866631.jpg 600w, https:\/\/portalmovil.com.ar\/wp-content\/uploads\/2024\/04\/866631-300x190.jpg 300w\" sizes=\"auto, (max-width: 600px) 100vw, 600px\" \/><\/figure>\n<\/div>\n\n\n<p><strong>Un hecho inusual tuvo lugar el pasado lunes en el barrio Nuestra Se\u00f1ora del Carmen en S\u00e1enz Pe\u00f1a.<\/strong>&nbsp;Una persona con discapacidad fue detenida por la Polic\u00eda, y hay versiones encontradas entre la familia y la fuerza.<\/p>\n\n\n\n<p><strong>El adolescente identificado como Emanuel Agudo de 15 a\u00f1os<\/strong>&nbsp;se encontraba caminando por la vereda cuando se le acerc\u00f3 un patrullero en la intersecci\u00f3n de la avenida 33 y la calle 46. Seg\u00fan la Polic\u00eda, el m\u00f3vil intercept\u00f3 al joven porque lo vieron lanzando cascotes a una luminaria p\u00fablica y a casas cercanas.<\/p>\n\n\n\n<p>Sin embargo,&nbsp;<strong>la familia de Emanuel Agudo, quien padece s\u00edndrome de Down, asegur\u00f3 que \u00e9l se encontraba regresando de un gimnasio donde realiza actividad f\u00edsica regularmente y fue en ese trayecto donde fue interceptado. Adem\u00e1s, afirmaron que recibi\u00f3 agresiones por parte del personal policial.<\/strong><\/p>\n\n\n\n<p>El hecho ocurri\u00f3 alrededor de las 20:00 horas. La Polic\u00eda inform\u00f3 que Agudo vest\u00eda una gorra y una campera roja y negra y que tuvo&nbsp;<strong>\u00abuna conducta peligrosa, que podr\u00eda ocasionar da\u00f1os materiales e incluso heridas a transe\u00fantes y residentes\u00bb.<\/strong>&nbsp;Afirmaron que una oficial presente en el lugar, de apellido Rojas, intent\u00f3 persuadirlo para que detuviera su acci\u00f3n.<\/p>\n\n\n\n<p>Los efectivos de la Polic\u00eda decidieron detener al joven cuando intent\u00f3 huir, y tras una breve persecuci\u00f3n fue alcanzado y reducido.&nbsp;<strong>Asimismo, indicaron que al notar la discapacidad del adolescente, cesaron la \u00abacci\u00f3n coercitiva\u00bb.<\/strong><\/p>\n\n\n\n<p>Tras conocerse lo ocurrido, el fiscal Federal<strong>&nbsp;Patricio Sabadini<\/strong>&nbsp;&nbsp;<strong>realiz\u00f3 una denuncia penal en t\u00e9rminos del art\u00edculo 322 y concordantes del C\u00f3digo Procesal Penal de la provincia de Chaco.<\/strong>&nbsp;Se\u00f1al\u00f3 que las conductas desplegadas por los funcionarios policiales podr\u00edan encuadrarse en figuras t\u00edpicas de acciones leves agravadas por la calidad de miembro de la fuerza y abuso de autoridad.<\/p>\n\n\n\n<p>Adem\u00e1s cita la Ley Provincial N\u00b06976 donde establece que la seguridad p\u00fablica es \u00ab<strong>la situaci\u00f3n pol\u00edtica, institucional y social en la cual las personas pueden gozar plenamente y ejercer integralmente las siguientes libertades y derechos (\u2026) defender y ser protegidos en su vida, su libertad, su integridad, y bienestar personal, su honor, su propiedad, su igualdad de oportunidades y su efectiva participaci\u00f3n en la organizaci\u00f3n pol\u00edtica, econ\u00f3mica, cultural y social, as\u00ed como en su igualdad ante la ley y su independencia ante los poderes del Estado (\u2026)\u00bb<\/strong>.<\/p>\n\n\n\n<p><strong>\u00abLos hechos narrados en ac\u00e1pite correspondiente, permiten vislumbrar la intolerable realidad de que el ciudadano Emanuel Agudo, ha sido privado absolutamente de los derechos y garant\u00edas que ostenta como ciudadano; que la afectaci\u00f3n de dichos derechos habr\u00eda sido perpetrada, justamente, por los funcionarios encargados de protegerlos\u00bb<\/strong>, indic\u00f3 el fiscal.<\/p>\n\n\n\n<p>Tras los acontecimientos, el padre de Emanuel expres\u00f3 su malestar por lo ocurrido con su hijo y pidi\u00f3 explicaciones sobre lo sucedido con el adolescente.<\/p>\n","protected":false},"excerpt":{"rendered":"<p>El hecho ocurri\u00f3 en el barrio Nuestra Se\u00f1ora del Carmen y hay versiones encontradas entre familiares y la Polic\u00eda. El fiscal federal Sabadini hizo una denuncia penal por el caso. Un hecho inusual tuvo lugar el pasado lunes en el barrio Nuestra Se\u00f1ora del Carmen en S\u00e1enz Pe\u00f1a.&nbsp;Una persona con discapacidad fue detenida por la &hellip;<\/p>\n","protected":false},"author":2,"featured_media":93482,"comment_status":"open","ping_status":"open","sticky":false,"template":"","format":"standard","meta":{"_jetpack_memberships_contains_paid_content":false,"footnotes":"","jetpack_publicize_message":"","jetpack_publicize_feature_enabled":true,"jetpack_social_post_already_shared":true,"jetpack_social_options":{"image_generator_settings":{"template":"highway","default_image_id":0,"font":"","enabled":false},"version":2}},"categories":[5,8],"tags":[],"class_list":["post-93481","post","type-post","status-publish","format-standard","has-post-thumbnail","hentry","category-chaco","category-policiales"],"jetpack_publicize_connections":[],"jetpack_featured_media_url":"https:\/\/portalmovil.com.ar\/wp-content\/uploads\/2024\/04\/9938f75264ca61ac6321bdc41fe091de_M.webp","jetpack_sharing_enabled":true,"amp_enabled":true,"_links":{"self":[{"href":"https:\/\/portalmovil.com.ar\/index.php\/wp-json\/wp\/v2\/posts\/93481","targetHints":{"allow":["GET"]}}],"collection":[{"href":"https:\/\/portalmovil.com.ar\/index.php\/wp-json\/wp\/v2\/posts"}],"about":[{"href":"https:\/\/portalmovil.com.ar\/index.php\/wp-json\/wp\/v2\/types\/post"}],"author":[{"embeddable":true,"href":"https:\/\/portalmovil.com.ar\/index.php\/wp-json\/wp\/v2\/users\/2"}],"replies":[{"embeddable":true,"href":"https:\/\/portalmovil.com.ar\/index.php\/wp-json\/wp\/v2\/comments?post=93481"}],"version-history":[{"count":1,"href":"https:\/\/portalmovil.com.ar\/index.php\/wp-json\/wp\/v2\/posts\/93481\/revisions"}],"predecessor-version":[{"id":93483,"href":"https:\/\/portalmovil.com.ar\/index.php\/wp-json\/wp\/v2\/posts\/93481\/revisions\/93483"}],"wp:featuredmedia":[{"embeddable":true,"href":"https:\/\/portalmovil.com.ar\/index.php\/wp-json\/wp\/v2\/media\/93482"}],"wp:attachment":[{"href":"https:\/\/portalmovil.com.ar\/index.php\/wp-json\/wp\/v2\/media?parent=93481"}],"wp:term":[{"taxonomy":"category","embeddable":true,"href":"https:\/\/portalmovil.com.ar\/index.php\/wp-json\/wp\/v2\/categories?post=93481"},{"taxonomy":"post_tag","embeddable":true,"href":"https:\/\/portalmovil.com.ar\/index.php\/wp-json\/wp\/v2\/tags?post=93481"}],"curies":[{"name":"wp","href":"https:\/\/api.w.org\/{rel}","templated":true}]}}