{"id":93468,"date":"2024-04-16T10:54:03","date_gmt":"2024-04-16T13:54:03","guid":{"rendered":"https:\/\/portalmovil.com.ar\/?p=93468"},"modified":"2024-04-16T10:54:06","modified_gmt":"2024-04-16T13:54:06","slug":"puerto-tirol-fallecio-una-joven-excampeona-de-atletismo-adaptado-por-dengue","status":"publish","type":"post","link":"https:\/\/portalmovil.com.ar\/index.php\/2024\/04\/16\/puerto-tirol-fallecio-una-joven-excampeona-de-atletismo-adaptado-por-dengue\/","title":{"rendered":"Puerto Tirol: falleci\u00f3 una joven excampeona de atletismo adaptado por dengue"},"content":{"rendered":"\n<p>La deportista Magal\u00ed Florencia Rita Barboza falleci\u00f3 este s\u00e1bado luego de estar internada a ra\u00edz de un cuadro grave de dengue. Esta es la segunda muerte que se produce en la localidad de Puerto Tirol, durante el mes de marzo, debido a esta enfermedad.<\/p>\n\n\n\n<p>La joven atleta ten\u00eda 21 a\u00f1os y hab\u00eda ganado una medalla de oro en lanzamiento de bala en los Juegos Nacionales Evita 2018. Barboza era una referente provincial en el deporte adaptado y represent\u00f3 en varias oportunidades a la EES 17 Felipe Varela.<\/p>\n\n\n\n<p>Por su parte, la comisi\u00f3n del barrio Los Aromos la despidi\u00f3 a trav\u00e9s de sus redes sociales. \u00abLa comisi\u00f3n del barrio Los Aromos despide con profundo dolor a Florencia Barboza, integrante de nuestro equipo de trabajo en el barrio. Supo ser una luz y una incansable generadora de ideas para incluir a ni\u00f1os y a j\u00f3venes. Sus padres Francisco y Olga fueron quienes la acompa\u00f1aban en cada evento siendo sus puntales en esta vida, los abrazamos y acompa\u00f1amos en este momento de tanto dolor. Hasta pronto Florcita\u00bb.<\/p>\n","protected":false},"excerpt":{"rendered":"<p>La deportista Magal\u00ed Florencia Rita Barboza falleci\u00f3 este s\u00e1bado luego de estar internada a ra\u00edz de un cuadro grave de dengue. Esta es la segunda muerte que se produce en la localidad de Puerto Tirol, durante el mes de marzo, debido a esta enfermedad. La joven atleta ten\u00eda 21 a\u00f1os y hab\u00eda ganado una medalla &hellip;<\/p>\n","protected":false},"author":6,"featured_media":93469,"comment_status":"open","ping_status":"open","sticky":false,"template":"","format":"standard","meta":{"_jetpack_memberships_contains_paid_content":false,"footnotes":"","jetpack_publicize_message":"","jetpack_publicize_feature_enabled":true,"jetpack_social_post_already_shared":true,"jetpack_social_options":{"image_generator_settings":{"template":"highway","default_image_id":0,"font":"","enabled":false},"version":2}},"categories":[5],"tags":[],"class_list":["post-93468","post","type-post","status-publish","format-standard","has-post-thumbnail","hentry","category-chaco"],"jetpack_publicize_connections":[],"jetpack_featured_media_url":"https:\/\/portalmovil.com.ar\/wp-content\/uploads\/2024\/04\/dengue.jpg","jetpack_sharing_enabled":true,"amp_enabled":true,"_links":{"self":[{"href":"https:\/\/portalmovil.com.ar\/index.php\/wp-json\/wp\/v2\/posts\/93468","targetHints":{"allow":["GET"]}}],"collection":[{"href":"https:\/\/portalmovil.com.ar\/index.php\/wp-json\/wp\/v2\/posts"}],"about":[{"href":"https:\/\/portalmovil.com.ar\/index.php\/wp-json\/wp\/v2\/types\/post"}],"author":[{"embeddable":true,"href":"https:\/\/portalmovil.com.ar\/index.php\/wp-json\/wp\/v2\/users\/6"}],"replies":[{"embeddable":true,"href":"https:\/\/portalmovil.com.ar\/index.php\/wp-json\/wp\/v2\/comments?post=93468"}],"version-history":[{"count":1,"href":"https:\/\/portalmovil.com.ar\/index.php\/wp-json\/wp\/v2\/posts\/93468\/revisions"}],"predecessor-version":[{"id":93470,"href":"https:\/\/portalmovil.com.ar\/index.php\/wp-json\/wp\/v2\/posts\/93468\/revisions\/93470"}],"wp:featuredmedia":[{"embeddable":true,"href":"https:\/\/portalmovil.com.ar\/index.php\/wp-json\/wp\/v2\/media\/93469"}],"wp:attachment":[{"href":"https:\/\/portalmovil.com.ar\/index.php\/wp-json\/wp\/v2\/media?parent=93468"}],"wp:term":[{"taxonomy":"category","embeddable":true,"href":"https:\/\/portalmovil.com.ar\/index.php\/wp-json\/wp\/v2\/categories?post=93468"},{"taxonomy":"post_tag","embeddable":true,"href":"https:\/\/portalmovil.com.ar\/index.php\/wp-json\/wp\/v2\/tags?post=93468"}],"curies":[{"name":"wp","href":"https:\/\/api.w.org\/{rel}","templated":true}]}}