{"id":93122,"date":"2024-04-09T02:52:00","date_gmt":"2024-04-09T05:52:00","guid":{"rendered":"https:\/\/portalmovil.com.ar\/?p=93122"},"modified":"2024-04-09T14:54:36","modified_gmt":"2024-04-09T17:54:36","slug":"javier-milei-se-reunira-con-elon-musk-en-estados-unidos","status":"publish","type":"post","link":"https:\/\/portalmovil.com.ar\/index.php\/2024\/04\/09\/javier-milei-se-reunira-con-elon-musk-en-estados-unidos\/","title":{"rendered":"Javier Milei se reunir\u00e1 con Elon Musk en Estados Unidos"},"content":{"rendered":"\n<p><strong>Javier Milei<\/strong>\u00a0se encontrar\u00e1 con\u00a0<strong>Elon Musk<\/strong>\u00a0en Estados Unidos tras recibir una distinci\u00f3n de la comunidad jud\u00eda por su mirada pol\u00edtica. La reuni\u00f3n se har\u00e1 este s\u00e1bado 12,\u00a0<strong>en la f\u00e1brica de Tesla y su objetivo es lograr inversiones en Argentina vinculadas a la industria automotriz de las comunicaciones globales.<\/strong><\/p>\n\n\n\n<p>Lo confirm\u00f3 el vocero presidencial,\u00a0<strong>Manuel Adorni<\/strong>, durante su habitual conferencia de prensa en Casa Rosada. \u00ab<strong>El 13 de abril est\u00e1 previsto un viaje a Texas para visitar la f\u00e1brica de Tesla y ese d\u00eda Milei se va a encontrar con Elon Musk\u00bb<\/strong>, anunci\u00f3 el portavoz de la administraci\u00f3n libertaria.<\/p>\n","protected":false},"excerpt":{"rendered":"<p>Javier Milei\u00a0se encontrar\u00e1 con\u00a0Elon Musk\u00a0en Estados Unidos tras recibir una distinci\u00f3n de la comunidad jud\u00eda por su mirada pol\u00edtica. La reuni\u00f3n se har\u00e1 este s\u00e1bado 12,\u00a0en la f\u00e1brica de Tesla y su objetivo es lograr inversiones en Argentina vinculadas a la industria automotriz de las comunicaciones globales. Lo confirm\u00f3 el vocero presidencial,\u00a0Manuel Adorni, durante su &hellip;<\/p>\n","protected":false},"author":2,"featured_media":93123,"comment_status":"open","ping_status":"open","sticky":false,"template":"","format":"standard","meta":{"_jetpack_memberships_contains_paid_content":false,"footnotes":"","jetpack_publicize_message":"","jetpack_publicize_feature_enabled":true,"jetpack_social_post_already_shared":true,"jetpack_social_options":{"image_generator_settings":{"template":"highway","default_image_id":0,"font":"","enabled":false},"version":2}},"categories":[639,14,12],"tags":[],"class_list":["post-93122","post","type-post","status-publish","format-standard","has-post-thumbnail","hentry","category-argentina","category-politica","category-ultimo"],"jetpack_publicize_connections":[],"jetpack_featured_media_url":"https:\/\/portalmovil.com.ar\/wp-content\/uploads\/2024\/04\/4LY66LO5G5A7RK5OYV63I42RM4.jpg","jetpack_sharing_enabled":true,"amp_enabled":true,"_links":{"self":[{"href":"https:\/\/portalmovil.com.ar\/index.php\/wp-json\/wp\/v2\/posts\/93122","targetHints":{"allow":["GET"]}}],"collection":[{"href":"https:\/\/portalmovil.com.ar\/index.php\/wp-json\/wp\/v2\/posts"}],"about":[{"href":"https:\/\/portalmovil.com.ar\/index.php\/wp-json\/wp\/v2\/types\/post"}],"author":[{"embeddable":true,"href":"https:\/\/portalmovil.com.ar\/index.php\/wp-json\/wp\/v2\/users\/2"}],"replies":[{"embeddable":true,"href":"https:\/\/portalmovil.com.ar\/index.php\/wp-json\/wp\/v2\/comments?post=93122"}],"version-history":[{"count":1,"href":"https:\/\/portalmovil.com.ar\/index.php\/wp-json\/wp\/v2\/posts\/93122\/revisions"}],"predecessor-version":[{"id":93124,"href":"https:\/\/portalmovil.com.ar\/index.php\/wp-json\/wp\/v2\/posts\/93122\/revisions\/93124"}],"wp:featuredmedia":[{"embeddable":true,"href":"https:\/\/portalmovil.com.ar\/index.php\/wp-json\/wp\/v2\/media\/93123"}],"wp:attachment":[{"href":"https:\/\/portalmovil.com.ar\/index.php\/wp-json\/wp\/v2\/media?parent=93122"}],"wp:term":[{"taxonomy":"category","embeddable":true,"href":"https:\/\/portalmovil.com.ar\/index.php\/wp-json\/wp\/v2\/categories?post=93122"},{"taxonomy":"post_tag","embeddable":true,"href":"https:\/\/portalmovil.com.ar\/index.php\/wp-json\/wp\/v2\/tags?post=93122"}],"curies":[{"name":"wp","href":"https:\/\/api.w.org\/{rel}","templated":true}]}}